{"id":119056,"date":"2023-08-25T10:45:25","date_gmt":"2023-08-25T09:45:25","guid":{"rendered":"https:\/\/swmikolaj.org\/?p=119056"},"modified":"2023-08-25T10:45:26","modified_gmt":"2023-08-25T09:45:26","slug":"ogloszenia-duszpasterskie-27-08-2023-r","status":"publish","type":"post","link":"https:\/\/swmikolaj.org\/index.php\/2023\/08\/25\/ogloszenia-duszpasterskie-27-08-2023-r\/","title":{"rendered":"Og\u0142oszenia Duszpasterskie, 27.08.2023 r."},"content":{"rendered":"<p style=\"text-align: justify;\"><span style=\"font-size: 18pt;\"><strong>1.<\/strong> <\/span>W pierwszy pi\u0105tek miesi\u0105ca okazja do Spowiedzi \u015bwi\u0119tej od 7:30 do 8:15 i od 17:30 do 18:45. Msze \u015bwi\u0119te tego dnia o 8:00 i 18:30.<br \/><span style=\"font-size: 18pt;\"><strong>2.<\/strong> <\/span>Spotkanie dla \u017bywego R\u00f3\u017ca\u0144ca w sobot\u0119, 2 wrze\u015bnia o 8:00.<br \/><span style=\"font-size: 18pt;\"><strong>3.<\/strong> <\/span>Wznawiamy odprawianie Mszy \u015bwi\u0119tej o 17:00 w dolnym ko\u015bciele od niedzieli, 3 wrze\u015bnia. <\/p>\n\n\n<!--more-->\n\n\n<p style=\"text-align: justify;\"><span style=\"font-size: 18pt;\"><strong>4.<\/strong><\/span> Msza \u015bwi\u0119ta na rozpocz\u0119cie roku szkolnego dla dzieci z przedszkoli oraz uczni\u00f3w klas 0-6, z po\u015bwi\u0119ceniem tornistr\u00f3w najm\u0142odszych uczni\u00f3w, zostanie odprawiona w niedziel\u0119, 3 wrze\u015bnia o godz. 11:30.<br \/><span style=\"font-size: 18pt;\"><strong>5.<\/strong> <\/span>Eucharystia na rozpocz\u0119cie roku szkolnego dla klas 7 i 8 oraz uczni\u00f3w szk\u00f3\u0142 ponadpodstawowych b\u0119dzie w niedziel\u0119, 3 wrze\u015bnia o godz. 17:00 w dolnym ko\u015bciele.<br \/><span style=\"font-size: 18pt;\"><strong>6.<\/strong><\/span> Zebranie rodzic\u00f3w oraz m\u0142odzie\u017cy, kt\u00f3ra 21 wrze\u015bnia przyjmie sakrament Bierzmowania odb\u0119dzie si\u0119 w niedziel\u0119, 3 wrze\u015bnia o godz. 18:00 w dolnym ko\u015bciele.<br \/><span style=\"font-size: 18pt;\"><strong>7.<\/strong> <\/span>M\u0142odzie\u017c klas pierwszych ze szko\u0142y \u015bredniej, kt\u00f3ra chcia\u0142aby przyst\u0105pi\u0107 do Bierzmowania w roku 2024 zapraszamy na Msze \u015awi\u0119t\u0105 w niedziel\u0119, 3 wrze\u015bnia o 17:00 w dolnym ko\u015bciele.<br \/><span style=\"font-size: 18pt;\"><strong>8.<\/strong> <\/span>Wsp\u00f3lnota Dzieje 2 serdecznie zaprasza na rekolekcje \u201e\u017bycie w Duchu \u015awi\u0119tym\u201d w terminie: 8 \u2013 10 wrze\u015bnia w budynku starej plebanii, szczeg\u00f3\u0142y na plakacie.<br \/><span style=\"font-size: 18pt;\"><strong>9.<\/strong> <\/span>S\u0105 jeszcze wolne miejsca na wyjazd w G\u00f3ry Sowie w terminie: 24 \u2013 30 wrze\u015bnia. Zakwaterowanie w Lasocinie, codzienna gimnastyka z fizjoterapeut\u0105, warsztaty, wycieczki, wieczory muzyczno-taneczne i inne atrakcje. Koszt: 1800 z\u0142. Zapisy w biurze parafialnym lub pod numerem telefonu podanym na plakacie. Spotkanie organizacyjne dla wyje\u017cd\u017caj\u0105cych odb\u0119dzie si\u0119 we wtorek, 5 wrze\u015bnia o godz. 17:00 w kawiarence w domu parafialnym.<br \/><span style=\"font-size: 18pt;\"><strong>10.<\/strong> <\/span>Piesza pielgrzymka z Gdyni do sanktuarium Matki Bo\u017cej w Swarzewie wyruszy z parafii pw. Ducha \u015awi\u0119tego w Gdyni-Ob\u0142u\u017cu w sobot\u0119, 2 wrze\u015bnia. Rozpocznie si\u0119 ona Msz\u0105 \u015bwi\u0119t\u0105 o godzinie 6:00. Doj\u015bcie do Swarzewa ok. 16:30. <br \/><span style=\"font-size: 18pt;\"><strong>11.<\/strong> <\/span>Autokarowa pielgrzymka do Swarzewa na uroczysto\u015bci odpustowe dla senior\u00f3w i ludzi chorych odb\u0119dzie si\u0119, je\u015bli b\u0119d\u0105 ch\u0119tni, we wtorek, 5 wrze\u015bnia. Wyjazd o godz. 8.30, a Msza \u015bwi\u0119ta z udzielaniem sakramentu chorych o 10:00. Zapisy w biurze parafialnym. Koszt wyjazdu 35 z\u0142.<br \/><span style=\"font-size: 18pt;\"><strong>12.<\/strong> <\/span>Ks. Zbigniew Lorkowski organizuje pielgrzymk\u0119 do Sanktuarium Matki Bo\u017cej Szkaplerznej i klasztoru Karmelit\u00f3w Bosych w Zamarte. W planie wyjazdu mi\u0119dzy innymi Msza \u015awi\u0119ta w sanktuarium oraz udzia\u0142 w rekonstrukcji bitwy pod Krojantami. Wyjazd 3 wrze\u015bnia, zapisy pod numerem telefonu 504 37 36 77.<br \/><span style=\"font-size: 18pt;\"><strong>13.<\/strong> <\/span>Spotkania dla ma\u0142\u017conk\u00f3w w kryzysie odb\u0119d\u0105 si\u0119 4 i 18 wrze\u015bnia. W planie Msza \u015bwi\u0119ta o 18:30, a nast\u0119pnie spotkanie w starej plebanii.<br \/><span style=\"font-size: 18pt;\"><strong>14.<\/strong> <\/span>Pierwsze spotkanie dla Szko\u0142y Ewangelizacji Magnificat odb\u0119dzie si\u0119 we wtorek, 12 wrze\u015bnia o 19:15 w dolnym ko\u015bciele.<br \/><span style=\"font-size: 18pt;\"><strong>15.<\/strong><\/span> Pierwsze, powakacyjne spotkanie Klubu Seniora odb\u0119dzie si\u0119 w \u015brod\u0119, 13 wrze\u015bnia o 9:00.<br \/><span style=\"font-size: 18pt;\"><strong>16.<\/strong><\/span> Dzisiaj przed ko\u015bcio\u0142em odbywa si\u0119 kwesta na sp\u0142acenie koszt\u00f3w remontu sali nr 10 w domu parafialnym. <br \/><span style=\"font-size: 18pt;\"><strong>17.<\/strong> <\/span>Od poniedzia\u0142ku w\u0142\u0105cza\u0107 b\u0119dziemy alarm, podczas wystawienia Naj\u015bwi\u0119tszego Sakramentu w dolnym ko\u015bciele. Alarm obejmuje tylko st\u00f3\u0142 o\u0142tarzowy.<br \/><span style=\"font-size: 18pt;\"><strong>18.<\/strong> <\/span>Serdecznie witamy w naszej parafii ks. Paw\u0142a Strza\u0142kowskiego, kt\u00f3ry b\u0119dzie m.in. duszpasterzowa\u0142 m\u0142odzie\u017cy, \u017bywemu R\u00f3\u017ca\u0144cowi, neokatechumenatowi i odwiedza\u0142 chorych w domach.<\/p>\n<p style=\"text-align: center;\"><br \/>W minionych dniach zmarli:<br \/>Teresa Wolszlegier, lat 84; Stanis\u0142aw Gewartowski, lat 75; <br \/>Marcin Ferdynus, lat 96; Zbigniew Strzelecki, lat 69.<\/p>","protected":false},"excerpt":{"rendered":"<p>1. W pierwszy pi\u0105tek miesi\u0105ca okazja do Spowiedzi \u015bwi\u0119tej od 7:30 do 8:15 i od 17:30 do 18:45. Msze \u015bwi\u0119te tego dnia o 8:00 i 18:30.2. Spotkanie dla \u017bywego R\u00f3\u017ca\u0144ca w sobot\u0119, 2 wrze\u015bnia o 8:00.3. Wznawiamy odprawianie Mszy \u015bwi\u0119tej o 17:00 w dolnym ko\u015bciele od niedzieli, 3 wrze\u015bnia.<\/p>\n","protected":false},"author":6,"featured_media":0,"comment_status":"closed","ping_status":"closed","sticky":false,"template":"","format":"standard","meta":{"footnotes":""},"categories":[8,12],"tags":[],"publishpress_future_action":{"enabled":false,"date":"1970-01-01 01:00:00","action":"","terms":[],"taxonomy":"","browser_timezone_offset":0},"_links":{"self":[{"href":"https:\/\/swmikolaj.org\/index.php\/wp-json\/wp\/v2\/posts\/119056"}],"collection":[{"href":"https:\/\/swmikolaj.org\/index.php\/wp-json\/wp\/v2\/posts"}],"about":[{"href":"https:\/\/swmikolaj.org\/index.php\/wp-json\/wp\/v2\/types\/post"}],"author":[{"embeddable":true,"href":"https:\/\/swmikolaj.org\/index.php\/wp-json\/wp\/v2\/users\/6"}],"replies":[{"embeddable":true,"href":"https:\/\/swmikolaj.org\/index.php\/wp-json\/wp\/v2\/comments?post=119056"}],"version-history":[{"count":1,"href":"https:\/\/swmikolaj.org\/index.php\/wp-json\/wp\/v2\/posts\/119056\/revisions"}],"predecessor-version":[{"id":119057,"href":"https:\/\/swmikolaj.org\/index.php\/wp-json\/wp\/v2\/posts\/119056\/revisions\/119057"}],"wp:attachment":[{"href":"https:\/\/swmikolaj.org\/index.php\/wp-json\/wp\/v2\/media?parent=119056"}],"wp:term":[{"taxonomy":"category","embeddable":true,"href":"https:\/\/swmikolaj.org\/index.php\/wp-json\/wp\/v2\/categories?post=119056"},{"taxonomy":"post_tag","embeddable":true,"href":"https:\/\/swmikolaj.org\/index.php\/wp-json\/wp\/v2\/tags?post=119056"}],"curies":[{"name":"wp","href":"https:\/\/api.w.org\/{rel}","templated":true}]}}