{"id":1190,"date":"2018-01-19T15:23:26","date_gmt":"2018-01-19T15:23:26","guid":{"rendered":"http:\/\/nowa.swmikolaj.org\/?p=1190"},"modified":"2020-04-09T10:44:00","modified_gmt":"2020-04-09T10:44:00","slug":"ogloszeniaduszpasterskie21-01-2018r","status":"publish","type":"post","link":"https:\/\/swmikolaj.org\/index.php\/2018\/01\/19\/ogloszeniaduszpasterskie21-01-2018r\/","title":{"rendered":"Og\u0142oszenia Duszpasterskie, 21.01.2018 r."},"content":{"rendered":"<p style=\"text-align: justify;\"><span style=\"font-size: 12pt;\"><!-- [if !supportLists]-->1. Dzisiaj, 21 stycznia Msza \u015bwi\u0119ta dla m\u0142odzie\u017cy o 17:00 &#8211; zapraszamy. Nie b\u0119dzie tej Mszy \u015bwi\u0119tej w okresie ferii tzn 28.01 i 4.02. M\u0142odzie\u017c i doros\u0142ych zapraszamy na najbli\u017csz\u0105 Eucharysti\u0119 w dolnym ko\u015bciele o 17:00, po feriach,\u00a0 w niedziel\u0119, 11 lutego.<\/span><\/p>\n<p><!--more--><\/p>\n<p><span style=\"font-size: 12pt; background-color: transparent;\"><strong>2.<\/strong>\u00a0<\/span><span style=\"font-size: 12pt; background-color: transparent;\">Serdecznie prosimy o zg\u0142oszenie si\u0119 w celu zamawiania stroj\u00f3w pierwszokumunijnych, do ko\u0144ca stycznia, w zak\u0142adzie krawieckim, przy ul. Chylo\u0144skiej 67 (obok urz\u0119du pocztowego).<\/span><\/p>\n<p><span style=\"font-size: 12pt;\"><!-- [if !supportLists]--><strong>3.<\/strong>\u00a0Spotkanie Wsp\u00f3lnoty Trudnych Ma\u0142\u017ce\u0144stw Sychar odb\u0119dzie si\u0119 w poniedzia\u0142ek, 22 stycznia. Msza \u015bwi\u0119ta o 18:30, a nast\u0119pnie spotkanie w piwnicy starej plebanii.<\/span><\/p>\n<p><span style=\"font-size: 12pt;\"><!-- [if !supportLists]--><strong>4.<\/strong>\u00a0Spotkanie Apostolatu Maryjnego odb\u0119dzie si\u0119 we wtorek, 23 stycznia o godz. 16:30 w domu parafialnym, w sali nr 8. Serdecznie zapraszamy nowych cz\u0142onk\u00f3w czcicieli Niepokalanej.<\/span><\/p>\n<p><span style=\"font-size: 12pt;\"><!-- [if !supportLists]--><strong>5.<\/strong>\u00a0Kolejne spotkanie dyskusyjne przy kawie i herbacie dla senior\u00f3w odb\u0119dzie si\u0119 w poniedzia\u0142ek, 22 stycznia o 16:00 w kawiarence domu parafialnego.<\/span><\/p>\n<p><span style=\"font-size: 12pt;\"><!-- [if !supportLists]--><strong>6.<\/strong>\u00a0Ks. Proboszcz zaprasza senior\u00f3w na bal karnawa\u0142owy z okazji dnia babci i dziadka. B\u0119dzie okazja do ta\u0144ca jak r\u00f3wnie\u017c \u015bpiewu kol\u0119d. Zapraszamy wszystkich senior\u00f3w w \u015brod\u0119 na 16:00 do domu parafialnego. Wst\u0119p wolny.<\/span><\/p>\n<p><span style=\"font-size: 12pt;\"><!-- [if !supportLists]--><strong>7.<\/strong>\u00a0Tr\u00f3jmiejska Formacja Uwielbienia zaprasza muzyk\u00f3w amator\u00f3w i profesjonalist\u00f3w na spotkanie w pi\u0105tek, 26 stycznia na 19:30 do starej plebanii.<\/span><\/p>\n<p><span style=\"font-size: 12pt;\"><!-- [if !supportLists]--><strong>8.<\/strong>\u00a0Rekolekcje dla muzyk\u00f3w z elementami warsztatowymi poprowadzone przez Jakuba Tomalaka odb\u0119d\u0105 si\u0119 od 16 do 18 lutego 2018 r. w Domu Parafialnym. Zapisy i szczeg\u00f3\u0142owe informacje pod nr 515\u00a0094 327. <\/span><\/p>\n<p><span style=\"font-size: 12pt;\"><!-- [if !supportLists]--><strong>9.<\/strong>\u00a0Warsztaty \u201eJak rozmawiaj\u0105 szcz\u0119\u015bliwi ludzie?\u201d odb\u0119d\u0105 si\u0119 w naszym domu parafialnym 13 lutego od 18:00. Celem warsztatu jest pog\u0142\u0119bienie wi\u0119zi pomi\u0119dzy ma\u0142\u017conkami, wzmocnienie poczucia jedno\u015bci oraz polepszenie umiej\u0119tno\u015bci dawania wsparcia. Zapisy i szczeg\u00f3\u0142owe informacje pod nr tel. 884\u00a0141 053.<\/span><\/p>\n<p><span style=\"font-size: 12pt;\"><!-- [if !supportLists]--><strong>10.<\/strong> Warsztaty gitarowe i wokalne prowadzone przez Magdalen\u0119 i Mateusza Otczyk\u00f3w odb\u0119d\u0105 si\u0119 w dniach 5-7 lutego w naszym domu parafialnym. Szczeg\u00f3\u0142owe informacje i zapisy pod nr tel. 603\u00a0955\u00a0561.<\/span><\/p>\n<p><span style=\"font-size: 12pt;\"><!-- [if !supportLists]--><strong>11.<\/strong> Trwaj\u0105 przygotowania do Triduum Paschalnego. Zapraszamy na pr\u00f3b\u0119 wszystkich, kt\u00f3rzy chc\u0105 przygotowa\u0107 muzyk\u0119 na t\u0119 uroczysto\u015b\u0107 w sobot\u0119, 27 stycznia na 16:30 do domu parafialnego.<\/span><\/p>\n<p><span style=\"font-size: 12pt;\"><!-- [if !supportLists]--><strong>12.<\/strong> Trwa wizyta duszpasterska &#8211; Kol\u0119da. Ca\u0142o\u015bciowy plan podajemy w biuletynie, na stronie internetowej parafii i w gablotach. List ks. Proboszcza na tegoroczn\u0105 Kol\u0119d\u0119 mo\u017cna wzi\u0105\u0107 z zakrystii, biura parafialnego, jest on te\u017c umieszczony na stronie internetowej parafii.<\/span><\/p>\n<p><span style=\"font-size: 12pt;\"><!-- [if !supportLists]--><strong>13.<\/strong>\u00a0Serdecznie dzi\u0119kujemy za ofiary sk\u0142adane na dzisiejsz\u0105 kolekt\u0119 przeznaczona na wymian\u0119 \u0142awek w ko\u015bciele. Na prze\u0142omie lutego i marca zostanie wstawionych 13 ostatnich, nowych \u0142awek w ko\u015bciele. W marcu za\u015b planujemy wyposa\u017cenie nowej cz\u0119\u015bci ch\u00f3ru w \u0142awki i w podest dla ch\u00f3rzyst\u00f3w. Ofiary na rzecz nowych \u0142awek mo\u017cna r\u00f3wnie\u017c wp\u0142aca\u0107 na konto parafialne lub bezpo\u015brednio w biurze parafialnym.\u00a0\u00a0<\/span><\/p>\n<p align=\"center\"><span style=\"font-size: 12pt;\">Spo\u015br\u00f3d parafian w minionych dniach zmarli:<\/span><\/p>\n<p align=\"center\"><span style=\"font-size: 12pt;\">+ Anna Chamerke, lat 84;<\/span><\/p>\n<p align=\"center\"><span style=\"font-size: 12pt;\">+ Tadeusz Rolbiecki, lat 70;<\/span><\/p>\n<p style=\"text-align: center; text-indent: -17.85pt; margin: 0cm 0cm .0001pt 17.85pt;\" align=\"center\"><span style=\"font-size: 12pt;\">+ Kazimierz Mossakowski, lat 79.<\/span><\/p>\n","protected":false},"excerpt":{"rendered":"<p>1. Dzisiaj, 21 stycznia Msza \u015bwi\u0119ta dla m\u0142odzie\u017cy o 17:00 &#8211; zapraszamy. Nie b\u0119dzie tej Mszy \u015bwi\u0119tej w okresie ferii tzn 28.01 i 4.02. M\u0142odzie\u017c i doros\u0142ych zapraszamy na najbli\u017csz\u0105 Eucharysti\u0119 w dolnym ko\u015bciele o 17:00, po feriach,\u00a0 w niedziel\u0119, 11 lutego.<\/p>\n","protected":false},"author":6,"featured_media":0,"comment_status":"closed","ping_status":"closed","sticky":false,"template":"","format":"standard","meta":{"footnotes":""},"categories":[8,12],"tags":[],"publishpress_future_action":{"enabled":false,"date":"1970-01-01 01:00:00","action":"","terms":[],"taxonomy":"","browser_timezone_offset":0},"_links":{"self":[{"href":"https:\/\/swmikolaj.org\/index.php\/wp-json\/wp\/v2\/posts\/1190"}],"collection":[{"href":"https:\/\/swmikolaj.org\/index.php\/wp-json\/wp\/v2\/posts"}],"about":[{"href":"https:\/\/swmikolaj.org\/index.php\/wp-json\/wp\/v2\/types\/post"}],"author":[{"embeddable":true,"href":"https:\/\/swmikolaj.org\/index.php\/wp-json\/wp\/v2\/users\/6"}],"replies":[{"embeddable":true,"href":"https:\/\/swmikolaj.org\/index.php\/wp-json\/wp\/v2\/comments?post=1190"}],"version-history":[{"count":2,"href":"https:\/\/swmikolaj.org\/index.php\/wp-json\/wp\/v2\/posts\/1190\/revisions"}],"predecessor-version":[{"id":2827,"href":"https:\/\/swmikolaj.org\/index.php\/wp-json\/wp\/v2\/posts\/1190\/revisions\/2827"}],"wp:attachment":[{"href":"https:\/\/swmikolaj.org\/index.php\/wp-json\/wp\/v2\/media?parent=1190"}],"wp:term":[{"taxonomy":"category","embeddable":true,"href":"https:\/\/swmikolaj.org\/index.php\/wp-json\/wp\/v2\/categories?post=1190"},{"taxonomy":"post_tag","embeddable":true,"href":"https:\/\/swmikolaj.org\/index.php\/wp-json\/wp\/v2\/tags?post=1190"}],"curies":[{"name":"wp","href":"https:\/\/api.w.org\/{rel}","templated":true}]}}