{"id":118189,"date":"2023-08-21T13:53:17","date_gmt":"2023-08-21T12:53:17","guid":{"rendered":"https:\/\/swmikolaj.org\/?p=118189"},"modified":"2023-08-21T13:53:18","modified_gmt":"2023-08-21T12:53:18","slug":"intencje-mszy-swietych-21-27-08-2023","status":"publish","type":"post","link":"https:\/\/swmikolaj.org\/index.php\/2023\/08\/21\/intencje-mszy-swietych-21-27-08-2023\/","title":{"rendered":"INTENCJE MSZY \u015aWI\u0118TYCH 21 &#8211; 27\/08\/2023"},"content":{"rendered":"<table width=\"647\">\n<tbody>\n<tr>\n<td colspan=\"2\" width=\"647\"><strong>21\/08\/2023 Poniedzia\u0142ek<\/strong><\/td>\n<\/tr>\n<tr>\n<td width=\"85\"><strong>08:00<\/strong><\/td>\n<td width=\"562\">1.\u00a0\u00a0\u00a0\u00a0\u00a0 Dzi\u0119kczynna za otrzymane \u0142aski dla Martynki z pro\u015bb\u0105 o dalsze<\/p>\n<p>2.\u00a0\u00a0\u00a0\u00a0\u00a0 + Lucjan Wasi\u0144ski &#8211; gregoria\u0144ska<\/td>\n<\/tr>\n<tr>\n<td width=\"85\"><strong>18:30<\/strong><\/td>\n<td width=\"562\">1.\u00a0\u00a0\u00a0\u00a0\u00a0 + Stanis\u0142aw Bonar<\/p>\n<p>2.\u00a0\u00a0\u00a0\u00a0\u00a0 + Rajmund Roman w 15 rocz. \u015bmierci<\/td>\n<\/tr>\n<tr>\n<td colspan=\"2\" width=\"647\"><strong>22\/08\/2023 Wtorek<\/strong><\/td>\n<\/tr>\n<tr>\n<td width=\"85\"><strong>08:00<\/strong><\/td>\n<td width=\"562\">1.\u00a0\u00a0\u00a0\u00a0\u00a0 Dzi\u0119kczynna za otrzymane \u0142aski dla Martynki z pro\u015bb\u0105 o dalsze<\/p>\n<p>2.\u00a0\u00a0\u00a0\u00a0\u00a0 + Lucjan Wasi\u0144ski &#8211; gregoria\u0144ska<\/td>\n<\/tr>\n<tr>\n<td width=\"85\"><strong>11:00<\/strong><\/td>\n<td width=\"562\">Pogrzeb: \u015bp. Teresa Stenka, lat 80<\/td>\n<\/tr>\n<tr>\n<td width=\"85\"><strong>18:30<\/strong><\/td>\n<td width=\"562\">1.\u00a0\u00a0\u00a0\u00a0\u00a0 Dzi\u0119kczynno-b\u0142agalna z pro\u015bb\u0105 o Bo\u017ce b\u0142ogos\u0142awie\u0144stwo, zdrowie duszy i cia\u0142a, dary Ducha \u015awi\u0119tego i opiek\u0119 Matki Naj\u015bwi\u0119tszej dla c\u00f3rek, wnucz\u0105t, prawnuk\u00f3w, m\u0119\u017ca i ca\u0142ej rodziny<\/p>\n<p>2.\u00a0\u00a0\u00a0\u00a0\u00a0 + Jadwiga Chudy w 9 rocz. \u015bmierci oraz rodzice i rodze\u0144stwo z obojga stron<\/td>\n<\/tr>\n<tr>\n<td colspan=\"2\" width=\"647\"><strong>23\/08\/2023 \u015aroda<\/strong><\/td>\n<\/tr>\n<tr>\n<td width=\"85\"><strong>08:00<\/strong><\/td>\n<td width=\"562\">1.\u00a0\u00a0\u00a0\u00a0\u00a0 + Rodzice Franciszek i Klara oraz rodze\u0144stwo<\/p>\n<p>2.\u00a0\u00a0\u00a0\u00a0\u00a0 + Rodzice Rozalia i Franciszek, te\u015bciowie, m\u0105\u017c Jaros\u0142aw, rodze\u0144stwo, zmarli w czy\u015b\u0107cu<\/td>\n<\/tr>\n<tr>\n<td width=\"85\"><strong>10:00 <\/strong><\/td>\n<td width=\"562\">Pogrzeb: \u015bp. Zbigniew Strzelecki, lat 69<\/td>\n<\/tr>\n<tr>\n<td width=\"85\"><strong>18:30<\/strong><\/td>\n<td width=\"562\">1.\u00a0\u00a0\u00a0\u00a0\u00a0 + Krystyna i Jan Sarnowscy, babcia Rozalia<\/p>\n<p>2.\u00a0\u00a0\u00a0\u00a0\u00a0 + Lucjan Wasi\u0144ski &#8211; gregoria\u0144ska<\/td>\n<\/tr>\n<tr>\n<td colspan=\"2\" width=\"647\"><strong>24\/08\/2023 Czwartek<\/strong><\/td>\n<\/tr>\n<tr>\n<td width=\"85\"><strong>08:00<\/strong><\/td>\n<td width=\"562\">1.\u00a0\u00a0\u00a0\u00a0\u00a0 + Maria Sk\u00f3ra w 8 rocz. \u015bmierci<\/p>\n<p>2.\u00a0\u00a0\u00a0\u00a0\u00a0 + Lucjan Wasi\u0144ski &#8211; gregoria\u0144ska<\/td>\n<\/tr>\n<tr>\n<td width=\"85\"><strong>09:45<\/strong><\/td>\n<td width=\"562\">Pogrzeb: \u015bp. Teresa Wolszlegier, lat 84<\/td>\n<\/tr>\n<tr>\n<td width=\"85\"><strong>11:30<\/strong><\/td>\n<td width=\"562\">Pogrzeb: \u015bp. Marcin Ferdynus, lat 95<\/td>\n<\/tr>\n<tr>\n<td width=\"85\"><strong>18:30<\/strong><\/td>\n<td width=\"562\">1.\u00a0\u00a0\u00a0\u00a0\u00a0 Dzi\u0119kczynno-b\u0142agalna w intencji mamy Marii w 86 rocz. urodzin z pro\u015bb\u0105 o dar zdrowia, Bo\u017ce b\u0142ogos\u0142awie\u0144stwo i opiek\u0119 Matki Bo\u017cej na dalsze lata<\/p>\n<p>2.\u00a0\u00a0\u00a0\u00a0\u00a0 + Waleska, Pawe\u0142 i Janina oraz zamarli z rodziny Miotk<\/td>\n<\/tr>\n<tr>\n<td colspan=\"2\" width=\"647\"><strong>25\/08\/2023 Pi\u0105tek<\/strong><\/td>\n<\/tr>\n<tr>\n<td width=\"85\"><strong>08:00<\/strong><\/td>\n<td width=\"562\">1.\u00a0\u00a0\u00a0\u00a0\u00a0 Dzi\u0119kczynno-b\u0142agalna w intencji ks. Ludwika w dniu imienin z pro\u015bb\u0105 o dar zdrowia i potrzebne \u0142aski &#8211; intencja od grona przyjaci\u00f3\u0142<\/p>\n<p>2.\u00a0\u00a0\u00a0\u00a0\u00a0 + Anna i Boles\u0142aw \u017bywiccy<\/p>\n<p>3.\u00a0\u00a0\u00a0\u00a0\u00a0 + Lucjan Wasi\u0144ski &#8211; gregoria\u0144ska<\/td>\n<\/tr>\n<tr>\n<td width=\"85\"><strong>18:30<\/strong><\/td>\n<td width=\"562\">1.\u00a0\u00a0\u00a0\u00a0\u00a0 + Marianna Szopniewska, Janina i \u00a0W\u0142odzimierz Kucharscy<\/p>\n<p>2.\u00a0\u00a0\u00a0\u00a0\u00a0 + Marianna, Jadwiga, Andrzej i Wojciech<\/td>\n<\/tr>\n<tr>\n<td colspan=\"2\" width=\"647\"><strong>26\/08\/2023 Sobota<\/strong><\/td>\n<\/tr>\n<tr>\n<td width=\"85\"><strong>08:00<\/strong><\/td>\n<td width=\"562\">1.\u00a0\u00a0\u00a0\u00a0\u00a0 + Krystyna Ga\u0142kiewicz oraz Konrad, Gertruda i Zbigniew Zi\u00f3\u0142kowscy,\u00a0 Romuald, Janina i Bogdan Ga\u0142kiewicz<\/p>\n<p>2.\u00a0\u00a0\u00a0\u00a0\u00a0 + Zmarli z rodziny Lask\u00f3w i \u017bywickich<\/p>\n<p>3.\u00a0\u00a0\u00a0\u00a0\u00a0 + Lucjan Wasi\u0144ski &#8211; gregoria\u0144ska<\/td>\n<\/tr>\n<tr>\n<td width=\"85\"><strong>18:30<\/strong><\/td>\n<td width=\"562\">+ Rodzice, brat Stefan, siostra Stanis\u0142awa, szwagrowie Henryk, Marcel, Micha\u0142 i Dariusz<\/td>\n<\/tr>\n<tr>\n<td width=\"85\"><strong>19:30DK<\/strong><\/td>\n<td width=\"562\">Dzi\u0119kczynno-b\u0142agalna w intencji Agnieszki i Jacka z dzie\u0107mi z pro\u015bb\u0105 o potrzebne \u0142aski i Bo\u017ce b\u0142ogos\u0142awie\u0144stwo<\/td>\n<\/tr>\n<tr>\n<td colspan=\"2\" width=\"647\"><strong>27\/08\/2023<\/strong><\/p>\n<p><strong>XXI Niedziela Zwyk\u0142a<\/strong><\/td>\n<\/tr>\n<tr>\n<td width=\"85\"><strong>08:00<\/strong><\/td>\n<td width=\"562\">1.\u00a0\u00a0\u00a0\u00a0\u00a0 + Helena<\/p>\n<p>2.\u00a0\u00a0\u00a0\u00a0\u00a0 + Lucjan Wasi\u0144ski &#8211; gregoria\u0144ska<\/td>\n<\/tr>\n<tr>\n<td width=\"85\"><strong>10:00<\/strong><\/td>\n<td width=\"562\">W intencji parafii<\/td>\n<\/tr>\n<tr>\n<td width=\"85\"><strong>11:30<\/strong><\/td>\n<td width=\"562\">+ Marian Paw\u0142owski w 11 rocz. \u015bmierci<\/td>\n<\/tr>\n<tr>\n<td width=\"85\"><strong>13:00<\/strong><\/td>\n<td width=\"562\">+ M\u0105\u017c Hieronim, rodzice, rodze\u0144stwo i dziadkowie z obojga stron oraz Marian<\/td>\n<\/tr>\n<tr>\n<td width=\"85\"><strong>18:30<\/strong><\/td>\n<td width=\"562\">+ Krystyna Salewska<\/td>\n<\/tr>\n<\/tbody>\n<\/table>\n","protected":false},"excerpt":{"rendered":"<p>21\/08\/2023 Poniedzia\u0142ek 08:00 1.\u00a0\u00a0\u00a0\u00a0\u00a0 Dzi\u0119kczynna za otrzymane \u0142aski dla Martynki z pro\u015bb\u0105 o dalsze 2.\u00a0\u00a0\u00a0\u00a0\u00a0 + Lucjan Wasi\u0144ski &#8211; gregoria\u0144ska 18:30 1.\u00a0\u00a0\u00a0\u00a0\u00a0 + Stanis\u0142aw Bonar 2.\u00a0\u00a0\u00a0\u00a0\u00a0 + Rajmund Roman w 15 rocz. \u015bmierci 22\/08\/2023 Wtorek 08:00 1.\u00a0\u00a0\u00a0\u00a0\u00a0 Dzi\u0119kczynna za otrzymane \u0142aski dla Martynki z pro\u015bb\u0105 o dalsze 2.\u00a0\u00a0\u00a0\u00a0\u00a0 + Lucjan Wasi\u0144ski &#8211; gregoria\u0144ska 11:00 Pogrzeb: [&hellip;]<\/p>\n","protected":false},"author":6,"featured_media":0,"comment_status":"closed","ping_status":"closed","sticky":false,"template":"","format":"standard","meta":{"footnotes":""},"categories":[10],"tags":[],"publishpress_future_action":{"enabled":false,"date":"1970-01-01 01:00:00","action":"","terms":[],"taxonomy":"","browser_timezone_offset":0},"_links":{"self":[{"href":"https:\/\/swmikolaj.org\/index.php\/wp-json\/wp\/v2\/posts\/118189"}],"collection":[{"href":"https:\/\/swmikolaj.org\/index.php\/wp-json\/wp\/v2\/posts"}],"about":[{"href":"https:\/\/swmikolaj.org\/index.php\/wp-json\/wp\/v2\/types\/post"}],"author":[{"embeddable":true,"href":"https:\/\/swmikolaj.org\/index.php\/wp-json\/wp\/v2\/users\/6"}],"replies":[{"embeddable":true,"href":"https:\/\/swmikolaj.org\/index.php\/wp-json\/wp\/v2\/comments?post=118189"}],"version-history":[{"count":1,"href":"https:\/\/swmikolaj.org\/index.php\/wp-json\/wp\/v2\/posts\/118189\/revisions"}],"predecessor-version":[{"id":118190,"href":"https:\/\/swmikolaj.org\/index.php\/wp-json\/wp\/v2\/posts\/118189\/revisions\/118190"}],"wp:attachment":[{"href":"https:\/\/swmikolaj.org\/index.php\/wp-json\/wp\/v2\/media?parent=118189"}],"wp:term":[{"taxonomy":"category","embeddable":true,"href":"https:\/\/swmikolaj.org\/index.php\/wp-json\/wp\/v2\/categories?post=118189"},{"taxonomy":"post_tag","embeddable":true,"href":"https:\/\/swmikolaj.org\/index.php\/wp-json\/wp\/v2\/tags?post=118189"}],"curies":[{"name":"wp","href":"https:\/\/api.w.org\/{rel}","templated":true}]}}