{"id":1169,"date":"2017-12-01T17:41:18","date_gmt":"2017-12-01T17:41:18","guid":{"rendered":"http:\/\/nowa.swmikolaj.org\/?p=1169"},"modified":"2020-04-09T10:44:01","modified_gmt":"2020-04-09T10:44:01","slug":"ogloszeniaduszpasterskie3-12-2017r-iniedzielaadwentu","status":"publish","type":"post","link":"https:\/\/swmikolaj.org\/index.php\/2017\/12\/01\/ogloszeniaduszpasterskie3-12-2017r-iniedzielaadwentu\/","title":{"rendered":"Og\u0142oszenia Duszpasterskie, 3.12.2017 r. I Niedziela Adwentu"},"content":{"rendered":"<p><span style=\"font-size: 12pt;\"><strong>1.<\/strong> Dzisiaj rozpoczynamy rekolekcje adwentowe, kt\u00f3re poprowadzi O. Adam Szustak. Plan rekolekcji:<\/span><\/p>\n<p><strong><span style=\"font-size: 12pt;\">a.\u00a0Plan rekolekcji dla doros\u0142ych i m\u0142odzie\u017cy:<\/span><\/strong><\/p>\n<p><span style=\"font-size: 12pt;\">Poniedzia\u0142ek \u2013 4 grudnia: 8:00 i 18:30;<\/span><\/p>\n<p><span style=\"font-size: 12pt;\">Wtorek \u2013 5 grudnia: 8:00 i 18:30;<\/span><\/p>\n<p><span style=\"font-size: 12pt;\">\u015aroda \u2013 6 grudnia \u2013 Odpust: 8:00, 17:00 i 18:30.<\/span><\/p>\n<p><strong><span style=\"font-size: 12pt;\">b.\u00a0Plan rekolekcji dla dzieci:<\/span><\/strong><\/p>\n<p><span style=\"font-size: 12pt;\">Poniedzia\u0142ek \u2013 4 grudnia \u2013 Msza \u015bwi\u0119ta roratnia o 17:00 w dolnym ko\u015bciele;<\/span><\/p>\n<p><span style=\"font-size: 12pt;\">Wtorek \u2013 5 grudnia \u2013 Msza \u015bwi\u0119ta roratnia o 17:00 w dolnym ko\u015bciele; <\/span><\/p>\n<p><span style=\"font-size: 12pt;\">\u015aroda \u2013 6 grudnia, godz. 17:00 \u2013 Msza \u015bwi\u0119ta odpustowa w g\u00f3rnym ko\u015bciele;<\/span><\/p>\n<p><!--more--><\/p>\n<p><strong><span style=\"font-size: 12pt; background-color: transparent;\">2.<\/span><\/strong><span style=\"font-size: 12pt; background-color: transparent;\"> Wiecz\u00f3r uwielbienia w ramach rekolekcji odb\u0119dzie si\u0119 w poniedzia\u0142ek po Mszy \u015bwi\u0119tej wieczornej. Muzycznie pos\u0142ugiwa\u0107 b\u0119dzie zesp\u00f3\u0142 OWCA.<\/span><\/p>\n<p><strong style=\"font-size: 12pt; background-color: transparent;\">3. <\/strong><span style=\"font-size: 12pt; background-color: transparent;\">Spowied\u017a rekolekcyjna b\u0119dzie we wtorek od 7:30 do 8:30 i od 18:00 do 19:00 oraz po wieczornym spotkaniu rekolekcyjnym.<\/span><\/p>\n<p><span style=\"font-size: 12pt;\"><strong>4.<\/strong>\u00a0Roraty poranne sprawujemy w tym tygodniu od czwartku do soboty o 6:45. Dzieci zapraszamy na roraty w tym tygodniu w czwartek i pi\u0105tek, a po Eucharystii Parafialny Zesp\u00f3\u0142 Caritas przygotowuje kakao w domu parafialnym.<\/span><\/p>\n<p><span style=\"font-size: 12pt;\"><strong>5.<\/strong>\u00a0Na sobotnie roraty o 6:45 zapraszamy m\u0142odzie\u017c i doros\u0142ych.<\/span><\/p>\n<p><span style=\"font-size: 12pt;\"><strong>6.<\/strong> Uroczysto\u015b\u0107 Niepokalanego Pocz\u0119cia NMP obchodzi\u0107 b\u0119dziemy w pi\u0105tek, 8 grudnia. Msze \u015bwi\u0119te o: 6:45, 8:00 i 18:30. Tego dnia zapraszamy r\u00f3wnie\u017c na adoracj\u0119 Naj\u015bwi\u0119tszego Sakramentu mi\u0119dzy godz. 12:00 a 13:00, na tzw. Godzin\u0119 \u0141aski (do dolnego ko\u015bcio\u0142a).<\/span><\/p>\n<p><span style=\"font-size: 12pt;\"><strong>7.<\/strong>\u00a0Duchow\u0105 adopcj\u0119 dziecka pocz\u0119tego b\u0119dzie mo\u017cna podj\u0105\u0107 8 grudnia o godz. 8:00 lub o 18:30.<\/span><\/p>\n<p><span style=\"font-size: 12pt;\"><strong>8.<\/strong> Tr\u00f3jmiejska Diakonia Muzyczna wykona Godzinki ku czci Niepokalanego Pocz\u0119cia NMP, w pi\u0105tek, 8 grudnia po wieczornej Eucharystii.<\/span><\/p>\n<p><span style=\"font-size: 12pt;\"><strong>9.<\/strong>\u00a0Jutrznia, czyli poranna modlitwa Ko\u015bcio\u0142a, w Adwencie od poniedzia\u0142ku do pi\u0105tku o 5:30 <\/span><span style=\"font-size: 12pt;\">w domu parafialnym. Zapraszamy wszystkich ch\u0119tnych. Modlitwa trwa ok. 40 min.<\/span><\/p>\n<p><span style=\"font-size: 12pt;\"><strong>10.<\/strong> W \u015brod\u0119 \u015bwi\u0119towa\u0107 b\u0119dziemy \u00f3sm\u0105 rocznic\u0119 powstania Stowarzyszenia \u015bw. Miko\u0142aja Biskupa. Z tej okazji w niedziel\u0119, 10 grudnia, po Mszach \u015bwi\u0119tych, odb\u0119dzie si\u0119 kiermasz przed\u015bwi\u0105teczny wyrob\u00f3w wykonanych przez osoby zaanga\u017cowane w dzia\u0142alno\u015b\u0107 naszego Stowarzyszenia, a tak\u017ce kwesta na dzia\u0142alno\u015b\u0107 Stowarzyszenia.<\/span><\/p>\n<p><span style=\"font-size: 12pt;\"><strong>11.<\/strong> W pierwsz\u0105 rocznic\u0119 powstania Ogniska Sychar zapraszamy wszystkich prze\u017cywaj\u0105cych trudno\u015bci w ma\u0142\u017ce\u0144stwie i tych, kt\u00f3rzy chc\u0105 ich wspom\u00f3c modlitw\u0105 na Msz\u0119 \u015bwi\u0119ta w dniu 11 grudnia o 18:30. Po Eucharystii spotkanie w piwnicy starej plebanii.<\/span><\/p>\n<p><span style=\"font-size: 12pt;\"><strong>12.<\/strong>\u00a0Zapraszamy Redakcj\u0119 \u201eMiko\u0142aja\u201d, Parafialn\u0105 Rad\u0119 Duszpasterska i wszystkich ch\u0119tnych na spotkanie z O. Kasperem Mariuszem Kaproniem, misjonarzem, franciszkaninem, profesorem teologii w Cochabamba, w Boliwii. Ciekawym duszpasterzem, teologiem i pisarzem. B\u0119dzie okazja do rozmowy i dyskusji oraz poznania Ko\u015bcio\u0142a Ameryki Po\u0142udniowej z kt\u00f3rej pochodzi papie\u017c Franciszek. Niedziela, 10 grudnia o 19:30 w kawiarence domu parafialnego.<\/span><\/p>\n<p><span style=\"font-size: 12pt;\"><strong>13.<\/strong> Ju\u017c dzisiaj zapraszamy osoby samotne na wieczerz\u0119 wigilijn\u0105, 24 grudnia na 18:00 do domu parafialnego.<\/span><\/p>\n<p><span style=\"font-size: 12pt;\"><strong>14.<\/strong> Za tydzie\u0144 rozpocznie si\u0119 akacja sprzeda\u017cy \u015bwiec bo\u017conarodzeniowych w ramach Wigilijnego Dzie\u0142a Pomocy Dzieciom.<\/span><\/p>\n<p><span style=\"font-size: 12pt;\"><strong>15.<\/strong>\u00a0Dary dla os\u00f3b potrzebuj\u0105cych b\u0119dzie mo\u017cna sk\u0142ada\u0107 do pojemnika wystawionego przy chrzcielnicy od czwartku. Szczeg\u00f3lnie prosimy o niepsuj\u0105c\u0105 si\u0119 \u017cywno\u015b\u0107.<\/span><\/p>\n<p><span style=\"font-size: 12pt;\"><strong>16.<\/strong>\u00a0W przysz\u0142\u0105 niedziel\u0119 kolekta przeznaczona b\u0119dzie na cele remontowo-inwestycyjne.<\/span><\/p>\n<p><span style=\"font-size: 12pt;\"><strong>17.<\/strong> Kwesta na \u201eZup\u0119 Chylo\u0144sk\u0105\u201d i na inne dzia\u0142ania Caritas dzisiaj po ka\u017cdej Mszy \u015bwi\u0119tej.<\/span><\/p>\n<p align=\"center\"><span style=\"font-size: 12pt;\">Spo\u015br\u00f3d parafian w minionych dniach zmarli:<\/span><\/p>\n<p style=\"text-align: center;\"><span style=\"font-size: 12pt;\">+ Anna Trocka, lat 84; <\/span><\/p>\n<p style=\"text-align: center;\"><span style=\"font-size: 12pt;\">+ Irena Tetzlaff, lat 81;\u00a0<\/span><\/p>\n","protected":false},"excerpt":{"rendered":"<p>1. Dzisiaj rozpoczynamy rekolekcje adwentowe, kt\u00f3re poprowadzi O. Adam Szustak. Plan rekolekcji: a.\u00a0Plan rekolekcji dla doros\u0142ych i m\u0142odzie\u017cy: Poniedzia\u0142ek \u2013 4 grudnia: 8:00 i 18:30; Wtorek \u2013 5 grudnia: 8:00 i 18:30; \u015aroda \u2013 6 grudnia \u2013 Odpust: 8:00, 17:00 i 18:30. b.\u00a0Plan rekolekcji dla dzieci: Poniedzia\u0142ek \u2013 4 grudnia \u2013 Msza \u015bwi\u0119ta roratnia o [&hellip;]<\/p>\n","protected":false},"author":6,"featured_media":0,"comment_status":"closed","ping_status":"closed","sticky":false,"template":"","format":"standard","meta":{"footnotes":""},"categories":[8,12],"tags":[],"publishpress_future_action":{"enabled":false,"date":"1970-01-01 01:00:00","action":"","terms":[],"taxonomy":"","browser_timezone_offset":0},"_links":{"self":[{"href":"https:\/\/swmikolaj.org\/index.php\/wp-json\/wp\/v2\/posts\/1169"}],"collection":[{"href":"https:\/\/swmikolaj.org\/index.php\/wp-json\/wp\/v2\/posts"}],"about":[{"href":"https:\/\/swmikolaj.org\/index.php\/wp-json\/wp\/v2\/types\/post"}],"author":[{"embeddable":true,"href":"https:\/\/swmikolaj.org\/index.php\/wp-json\/wp\/v2\/users\/6"}],"replies":[{"embeddable":true,"href":"https:\/\/swmikolaj.org\/index.php\/wp-json\/wp\/v2\/comments?post=1169"}],"version-history":[{"count":1,"href":"https:\/\/swmikolaj.org\/index.php\/wp-json\/wp\/v2\/posts\/1169\/revisions"}],"predecessor-version":[{"id":2841,"href":"https:\/\/swmikolaj.org\/index.php\/wp-json\/wp\/v2\/posts\/1169\/revisions\/2841"}],"wp:attachment":[{"href":"https:\/\/swmikolaj.org\/index.php\/wp-json\/wp\/v2\/media?parent=1169"}],"wp:term":[{"taxonomy":"category","embeddable":true,"href":"https:\/\/swmikolaj.org\/index.php\/wp-json\/wp\/v2\/categories?post=1169"},{"taxonomy":"post_tag","embeddable":true,"href":"https:\/\/swmikolaj.org\/index.php\/wp-json\/wp\/v2\/tags?post=1169"}],"curies":[{"name":"wp","href":"https:\/\/api.w.org\/{rel}","templated":true}]}}