{"id":1167,"date":"2018-12-07T15:20:39","date_gmt":"2018-12-07T15:20:39","guid":{"rendered":"http:\/\/nowa.swmikolaj.org\/?p=1167"},"modified":"2020-04-09T10:43:57","modified_gmt":"2020-04-09T10:43:57","slug":"ogloszeniaduszpasterskie09-12-2018r","status":"publish","type":"post","link":"https:\/\/swmikolaj.org\/index.php\/2018\/12\/07\/ogloszeniaduszpasterskie09-12-2018r\/","title":{"rendered":"Og\u0142oszenia Duszpasterskie, 09.12.2018 r."},"content":{"rendered":"<p><span style=\"font-size: 12pt;\"><strong>1.<\/strong>\u00a0Zapraszamy na Roraty od poniedzia\u0142ku do soboty o 6:45.\u00a0Dzieci za\u015b zapraszamy od poniedzia\u0142ku do pi\u0105tku. Po Roratach, dzieci s\u0105 zaproszone na kakao do domu parafialnego.\u00a0<\/span><\/p>\n<p><span style=\"font-size: 12pt;\"><!-- [if !supportLists]--><strong>2.<\/strong>\u00a0Jutrznia, czyli poranna modlitwa Ko\u015bcio\u0142a, jest sprawowana w Adwencie od poniedzia\u0142ku do pi\u0105tku o 5:30 w domu parafialnym, w sali nr 10. Zapraszamy wszystkich ch\u0119tnych. Modlitwa trwa ok. 40 min.<\/span><\/p>\n<p><!--more--><\/p>\n<p><span style=\"font-size: 12pt;\"><strong>3.<\/strong>\u00a0Ca\u0142onocna adoracja Naj\u015bwi\u0119tszego Sakramentu odb\u0119dzie si\u0119 z soboty na niedziel\u0119, z 15 na 16 grudnia. Rozpocz\u0119cie w sobot\u0119 o 21:30 w dolnym ko\u015bciele. W przedsionku do dolnego ko\u015bcio\u0142a b\u0119dzie wy\u0142o\u017cona lista adoracyjna, na kt\u00f3ra prosimy o wpisywanie si\u0119, tak by by\u0142a pewno\u015b\u0107, i\u017c o ka\u017cdej godzinie b\u0119dzie kto\u015b na adoracji.<\/span><\/p>\n<p><span style=\"font-size: 12pt;\"><!-- [if !supportLists]--><strong>4.<\/strong>\u00a0Msza \u015awi\u0119ta w intencji o uproszenie zdrowia duszy i cia\u0142a b\u0119dzie sprawowana w niedziel\u0119, 16 grudnia o 18:30.<\/span><\/p>\n<p><span style=\"font-size: 12pt;\"><!-- [if !supportLists]--><strong>5.\u00a0<\/strong>Spotkanie op\u0142atkowe Czcicieli Mi\u0142osierdzia Bo\u017cego w niedziel\u0119, 16 grudnia o 15:00 w sali agapowej.<\/span><\/p>\n<p><span style=\"font-size: 12pt;\"><!-- [if !supportLists]--><strong>6.<\/strong>\u00a0Zach\u0119camy do udzia\u0142u w koncercie kol\u0119d z r\u00f3\u017cnych stron \u015bwiata &#8222;BETLEJEM W POLSCE&#8221;, kt\u00f3ry odb\u0119dzie si\u0119 10 stycznia w Gdyni Arenie. W\u015br\u00f3d muzyk\u00f3w b\u0119dzie mo\u017cna us\u0142ysze\u0107: Agnieszk\u0119 Musia\u0142, Gra\u017cyn\u0119 \u0141obaszewsk\u0105, Antonin\u0119 Krzyszto\u0144, Bovsk\u0105, Kamila Bednarka oraz wielu innych wspania\u0142ych artyst\u00f3w. Bilety mo\u017cna naby\u0107 w biurze parafialnym i dzisiaj po niekt\u00f3rych Msza \u015awi\u0119tych.\u00a0<\/span><\/p>\n<p><span style=\"font-size: 12pt;\"><!-- [if !supportLists]--><strong>7.<\/strong>\u00a0\u00a0Zach\u0119camy do lektury, na redakcyjnym Facebooku, rozwa\u017ca\u0144 r\u00f3\u017ca\u0144cowych \u201eR\u00f3\u017caniec trudnych uczu\u0107\u201d autorstwa redaktor\u00f3w \u201eG\u0142osu Miko\u0142aja\u201d z ciekawymi ilustracjami graficznymi.<\/span><\/p>\n<p><span style=\"font-size: 12pt;\"><!-- [if !supportLists]--><strong>8.<\/strong>\u00a0Istnieje te\u017c mo\u017cliwo\u015b\u0107 ods\u0142uchania nagra\u0144 rekolekcji adwentowych diakona Marcina Gajdy poprzez kana\u0142 \u201eG\u0142osu Miko\u0142aja\u201d na Youtube.<\/span><\/p>\n<p><span style=\"font-size: 12pt;\"><!-- [if !supportLists]--><strong>9.\u00a0<\/strong>Zapraszamy na kiermasz przed\u015bwi\u0105tecznych wyrob\u00f3w wykonanych przez osoby zaanga\u017cowane w dzia\u0142alno\u015b\u0107 naszego Stowarzyszenia \u015aw. Miko\u0142aja. Kiermasz odbywa si\u0119 w niedziel\u0119 w godz. od 9:00 do 14:00.<\/span><\/p>\n<p><span style=\"font-size: 12pt;\"><!-- [if !supportLists]--><strong>10.\u00a0<\/strong>\u00a0Jak co roku organizujemy Wigili\u0119 dla samotnych. Osoby, kt\u00f3re chcia\u0142by pom\u00f3c w organizacji prosimy o kontakt z biurem parafialnym.\u00a0<\/span><\/p>\n<p><span style=\"font-size: 12pt;\"><!-- [if !supportLists]--><strong>11.<\/strong>\u00a0Wizyta Duszpasterska &#8211; Kol\u0119da rozpocznie si\u0119 jutro, 10 grudnia. List ksi\u0119dza proboszcza na tegoroczn\u0105 Kol\u0119d\u0119 mo\u017cna wzi\u0105\u0107 dzisiaj ze stolik\u00f3w z ty\u0142u ko\u015bcio\u0142a. Jest on te\u017c dost\u0119pny w biurze parafialnym i na parafialnej stronie internetowej.<\/span><\/p>\n<p><span style=\"font-size: 12pt;\"><!-- [if !supportLists]--><strong>12.<\/strong>\u00a0Dzisiaj mo\u017cna kupi\u0107 \u015bwiece\u00a0 bo\u017conarodzeniowe w ramach Wigilijnego Dzie\u0142a Pomocy Dzieciom.<\/span><\/p>\n<p><span style=\"font-size: 12pt;\"><!-- [if !supportLists]--><strong>13.<\/strong>\u00a0Serdecznie dzi\u0119kujemy za ofiary na remont zaplecza dolnego ko\u015bcio\u0142a. Po pracach nad doprowadzeniem kanalizacji, rozpoczynaj\u0105 si\u0119 teraz prace nad przebudow\u0105 wej\u015bcia od strony ul. M\u0142y\u0144skiej, tak by osoby niepe\u0142nosprawne mia\u0142y \u0142atwy dost\u0119p do toalet. Dotychczasowe prace kosztowa\u0142y oko\u0142o 25 tysi\u0119cy z\u0142.<\/span><\/p>\n<p><span style=\"font-size: 12pt;\"><!-- [if !supportLists]--><strong>14.<\/strong>\u00a0Zbi\u00f3rka do puszek na wyjazd naszej m\u0142odzie\u017cy na \u015aDM do Panamy b\u0119dzie w przysz\u0142\u0105 niedziel\u0119, <\/span><br \/>\n<span style=\"font-size: 12pt;\"> 16 grudnia. Zach\u0119camy r\u00f3wnie\u017c do przynoszenia na kartkach osobistych intencji, kt\u00f3re m\u0142odzie\u017c zabierze ze sob\u0105 do Panamy.<\/span><\/p>\n<p><span style=\"font-size: 12pt;\"><!-- [if !supportLists]--><strong>15.<\/strong>\u00a0M\u0142odzie\u017c, kt\u00f3ra we\u017amie wraz z ks. Grzegorzem udzia\u0142 w \u015aDM w Panamie bardzo dzi\u0119kuje wszystkim, kt\u00f3rzy przez wiele miesi\u0119cy wspierali finansowo nasze przygotowania do wyjazdu. Szczeg\u00f3lnie dzi\u0119kujemy wsp\u00f3lnocie Bo\u017cego Mi\u0142osierdzia za inicjatyw\u0119 i zbi\u00f3rki pieni\u0119\u017cne. Wszystkich darczy\u0144c\u00f3w i wspieraj\u0105cych nasz wyjazd zapraszamy na Msz\u0119 \u015awi\u0119t\u0105 15 grudnia na 18:30. Po Eucharystii odb\u0119dzie si\u0119 w g\u00f3rnym ko\u015bciele wiecz\u00f3r modlitwy \u015awiatowych Dni M\u0142odzie\u017cy. <\/span><\/p>\n<p align=\"center\"><span style=\"font-size: 12pt;\">W minionych dniach zmarli:<\/span><\/p>\n<p align=\"center\"><span style=\"font-size: 12pt;\">+ Gertruda Tomiak, lat 89; + Genowefa Szczurek, lat 88; + Zofia Chojnacka, lat 88; <\/span><\/p>\n<p align=\"center\"><span style=\"font-size: 12pt;\">+ Krystyna Gombiowska, lat 64; + Mariann Sonik, lat 79 + Jan Klaczyma\u0144ski, lat 94; <\/span><\/p>\n<p style=\"margin: 0cm; margin-bottom: .0001pt; text-align: center; line-height: 110%;\" align=\"center\"><span style=\"font-size: 12pt;\">+ Karol Zysk, lat 80; + Marian Badowicz, lat 83; + Zdzis\u0142aw Deptu\u0142a, lat 57; + Jan Pyc, lat 75; <\/span><\/p>\n","protected":false},"excerpt":{"rendered":"<p>1.\u00a0Zapraszamy na Roraty od poniedzia\u0142ku do soboty o 6:45.\u00a0Dzieci za\u015b zapraszamy od poniedzia\u0142ku do pi\u0105tku. Po Roratach, dzieci s\u0105 zaproszone na kakao do domu parafialnego.\u00a0 2.\u00a0Jutrznia, czyli poranna modlitwa Ko\u015bcio\u0142a, jest sprawowana w Adwencie od poniedzia\u0142ku do pi\u0105tku o 5:30 w domu parafialnym, w sali nr 10. Zapraszamy wszystkich ch\u0119tnych. Modlitwa trwa ok. 40 min.<\/p>\n","protected":false},"author":6,"featured_media":0,"comment_status":"closed","ping_status":"closed","sticky":false,"template":"","format":"standard","meta":{"footnotes":""},"categories":[8,12],"tags":[],"publishpress_future_action":{"enabled":false,"date":"1970-01-01 01:00:00","action":"","terms":[],"taxonomy":"","browser_timezone_offset":0},"_links":{"self":[{"href":"https:\/\/swmikolaj.org\/index.php\/wp-json\/wp\/v2\/posts\/1167"}],"collection":[{"href":"https:\/\/swmikolaj.org\/index.php\/wp-json\/wp\/v2\/posts"}],"about":[{"href":"https:\/\/swmikolaj.org\/index.php\/wp-json\/wp\/v2\/types\/post"}],"author":[{"embeddable":true,"href":"https:\/\/swmikolaj.org\/index.php\/wp-json\/wp\/v2\/users\/6"}],"replies":[{"embeddable":true,"href":"https:\/\/swmikolaj.org\/index.php\/wp-json\/wp\/v2\/comments?post=1167"}],"version-history":[{"count":1,"href":"https:\/\/swmikolaj.org\/index.php\/wp-json\/wp\/v2\/posts\/1167\/revisions"}],"predecessor-version":[{"id":2714,"href":"https:\/\/swmikolaj.org\/index.php\/wp-json\/wp\/v2\/posts\/1167\/revisions\/2714"}],"wp:attachment":[{"href":"https:\/\/swmikolaj.org\/index.php\/wp-json\/wp\/v2\/media?parent=1167"}],"wp:term":[{"taxonomy":"category","embeddable":true,"href":"https:\/\/swmikolaj.org\/index.php\/wp-json\/wp\/v2\/categories?post=1167"},{"taxonomy":"post_tag","embeddable":true,"href":"https:\/\/swmikolaj.org\/index.php\/wp-json\/wp\/v2\/tags?post=1167"}],"curies":[{"name":"wp","href":"https:\/\/api.w.org\/{rel}","templated":true}]}}