{"id":1131,"date":"2017-07-28T10:56:14","date_gmt":"2017-07-28T10:56:14","guid":{"rendered":"http:\/\/nowa.swmikolaj.org\/?p=1131"},"modified":"2020-04-09T10:44:02","modified_gmt":"2020-04-09T10:44:02","slug":"ogloszeniaduszpasterskie30-07-2017r","status":"publish","type":"post","link":"https:\/\/swmikolaj.org\/index.php\/2017\/07\/28\/ogloszeniaduszpasterskie30-07-2017r\/","title":{"rendered":"Og\u0142oszenia Duszpasterskie, 30.07.2017 r."},"content":{"rendered":"<p><span style=\"font-size: 12pt;\"><strong>1.<\/strong> \u015awi\u0119to Przemienia Pa\u0144skiego obchodzi\u0107 b\u0119dziemy w przysz\u0142\u0105 niedziel\u0119, 6 sierpnia. Suma odpustowa w parafii przy ul. Kcy\u0144skiej w niedziel\u0119 o 13:00.<\/span><\/p>\n<p><!--more--><\/p>\n<p><span style=\"font-size: 12pt;\"><strong>2.<\/strong>\u00a0W tym tygodniu prze\u017cywa\u0107 b\u0119dziemy pierwszy czwartek, pi\u0105tek i sobot\u0119 miesi\u0105ca:<\/span><\/p>\n<p style=\"padding-left: 30px;\"><span style=\"font-size: 12pt;\"><!-- [if !supportLists]--><strong>a.<\/strong> W czwartek zapraszamy do ca\u0142odziennej adoracji w intencji powo\u0142anych do szczeg\u00f3lnej s\u0142u\u017cby w Ko\u015bciele.<\/span><\/p>\n<p style=\"padding-left: 30px;\"><span style=\"font-size: 12pt;\"><!-- [if !supportLists]--><strong>b.<\/strong>\u00a0W pi\u0105tek okazja do spowiedzi: od 7:30 do 8:15 i od 18:00 do 19:00.<\/span><\/p>\n<p style=\"padding-left: 30px;\"><span style=\"font-size: 12pt;\"><!-- [if !supportLists]--><strong>c.<\/strong>\u00a0Modlitwa os\u00f3b zaanga\u017cowanych w dzie\u0142o Duchowej Adopcji w pi\u0105tek o 17:45 w dolnym ko\u015bciele.<\/span><\/p>\n<p style=\"padding-left: 30px;\"><span style=\"font-size: 12pt;\"><!-- [if !supportLists]--><strong>d.<\/strong>\u00a0Spotkanie dla \u017bywego R\u00f3\u017ca\u0144ca oraz nabo\u017ce\u0144stwo pierwszosobotnie w sobot\u0119 o 8:00.<\/span><\/p>\n<p><span style=\"font-size: 12pt;\"><!-- [if !supportLists]--><strong>3.<\/strong>\u00a0Warsztaty gry na gitarze odb\u0119d\u0105 si\u0119 w starej plebanii w dniach 22-24 sierpnia. Grupa poranna od 13 roku \u017cycia i grupa wieczorna od 18 roku \u017cycia. Warsztaty poprowadzi Mateusz Otczyk. Zapisy po nr tel. 603955561. Koszt uczestnictwa 50 z\u0142.<\/span><\/p>\n<p><span style=\"font-size: 12pt;\"><!-- [if !supportLists]--><strong>4.<\/strong>\u00a0Podobnie jak w ubieg\u0142ych latach zapraszamy do akcji Parafialnego Zespo\u0142u Caritas: \u201eTornister pe\u0142en u\u015bmiech\u00f3w\u201d. Kto chcia\u0142by wyposa\u017cy\u0107 tornister dla jednego z dzieci, prosimy o kontakt z biurem parafialnym.<\/span><\/p>\n<p><span style=\"font-size: 12pt;\"><!-- [if !supportLists]--><strong>5.<\/strong>\u00a0Kwesta na rzeczy wyjazdu m\u0142odzie\u017cy chylo\u0144skiej na \u015awiatowe Dni M\u0142odych w Panamie odb\u0119dzie si\u0119 dzisiaj po Mszy \u015awi\u0119tej.<\/span><\/p>\n<p align=\"center\"><span style=\"font-size: 12pt;\">Spo\u015br\u00f3d parafian w minionych dniach zmar\u0142:<\/span><\/p>\n<p style=\"text-align: center;\">\u00a0<span style=\"font-size: 12pt;\">+ Zbigniew Jaskulski, lat 63;<\/span><\/p>\n","protected":false},"excerpt":{"rendered":"<p>1. \u015awi\u0119to Przemienia Pa\u0144skiego obchodzi\u0107 b\u0119dziemy w przysz\u0142\u0105 niedziel\u0119, 6 sierpnia. Suma odpustowa w parafii przy ul. Kcy\u0144skiej w niedziel\u0119 o 13:00.<\/p>\n","protected":false},"author":6,"featured_media":0,"comment_status":"closed","ping_status":"closed","sticky":false,"template":"","format":"standard","meta":{"footnotes":""},"categories":[8,12],"tags":[],"publishpress_future_action":{"enabled":false,"date":"1970-01-01 01:00:00","action":"","terms":[],"taxonomy":"","browser_timezone_offset":0},"_links":{"self":[{"href":"https:\/\/swmikolaj.org\/index.php\/wp-json\/wp\/v2\/posts\/1131"}],"collection":[{"href":"https:\/\/swmikolaj.org\/index.php\/wp-json\/wp\/v2\/posts"}],"about":[{"href":"https:\/\/swmikolaj.org\/index.php\/wp-json\/wp\/v2\/types\/post"}],"author":[{"embeddable":true,"href":"https:\/\/swmikolaj.org\/index.php\/wp-json\/wp\/v2\/users\/6"}],"replies":[{"embeddable":true,"href":"https:\/\/swmikolaj.org\/index.php\/wp-json\/wp\/v2\/comments?post=1131"}],"version-history":[{"count":1,"href":"https:\/\/swmikolaj.org\/index.php\/wp-json\/wp\/v2\/posts\/1131\/revisions"}],"predecessor-version":[{"id":2894,"href":"https:\/\/swmikolaj.org\/index.php\/wp-json\/wp\/v2\/posts\/1131\/revisions\/2894"}],"wp:attachment":[{"href":"https:\/\/swmikolaj.org\/index.php\/wp-json\/wp\/v2\/media?parent=1131"}],"wp:term":[{"taxonomy":"category","embeddable":true,"href":"https:\/\/swmikolaj.org\/index.php\/wp-json\/wp\/v2\/categories?post=1131"},{"taxonomy":"post_tag","embeddable":true,"href":"https:\/\/swmikolaj.org\/index.php\/wp-json\/wp\/v2\/tags?post=1131"}],"curies":[{"name":"wp","href":"https:\/\/api.w.org\/{rel}","templated":true}]}}