{"id":1117,"date":"2017-06-14T17:40:18","date_gmt":"2017-06-14T17:40:18","guid":{"rendered":"http:\/\/nowa.swmikolaj.org\/?p=1117"},"modified":"2020-04-09T10:44:02","modified_gmt":"2020-04-09T10:44:02","slug":"ogloszeniaduszpasterskie15-06-2017r-uroczystoscnajswietszegocialaikrwipanskiej","status":"publish","type":"post","link":"https:\/\/swmikolaj.org\/index.php\/2017\/06\/14\/ogloszeniaduszpasterskie15-06-2017r-uroczystoscnajswietszegocialaikrwipanskiej\/","title":{"rendered":"Og\u0142oszenia Duszpasterskie, 15.06.2017 r. Uroczysto\u015b\u0107 Naj\u015bwi\u0119tszego Cia\u0142a i Krwi Pa\u0144skiej"},"content":{"rendered":"<p><span style=\"font-size: 12pt;\"><strong>1.\u00a0<\/strong>Oktawa uroczysto\u015bci Bo\u017cego Cia\u0142a b\u0119dzie trwa\u0107 do przysz\u0142ego czwartku, dlatego zapraszamy na Msze \u015bwi\u0119t\u0105 o godz. 18.30 po kt\u00f3rych p\u00f3jdziemy w procesji z Naj\u015bwi\u0119tszym Sakramentem dooko\u0142a naszego ko\u015bcio\u0142a. W najbli\u017csz\u0105 niedziel\u0119 procesja odb\u0119dzie si\u0119 po Mszy \u015bw. o 10.00. Prosimy wszystkich wiernych o czynny udzia\u0142 w procesjach, w oktawie.<\/span><\/p>\n<p><!--more--><\/p>\n<p><span style=\"font-size: 12pt;\"><strong>2.<\/strong>\u00a0Dzisiaj, w Bo\u017ce Cia\u0142o, adoracja po przyj\u015bciu procesji, a\u017c do wieczornej Mszy \u015bwi\u0119tej w dolnym ko\u015bciele.<\/span><\/p>\n<p><span style=\"font-size: 12pt;\"><strong>3.<\/strong> Ks. Abp Metropolita Gda\u0144ski udzieli\u0142 dyspensy od zachowania wstrzemi\u0119\u017aliwo\u015bci od pokarm\u00f3w mi\u0119snych w najbli\u017cszy pi\u0105tek.<\/span><\/p>\n<p><span style=\"font-size: 12pt;\"><strong>4.\u00a0<\/strong>Msza \u015bwi\u0119t\u0105 z modlitw\u0105 w intencji uzdrowienia duszy i cia\u0142a b\u0119dzie sprawowana w najbli\u017csza niedziel\u0119 o 18:30.<\/span><\/p>\n<p><span style=\"font-size: 12pt;\"><strong>5.<\/strong>\u00a0Zako\u0144czenie roku szkolnego dla uczni\u00f3w szk\u00f3\u0142 gimnazjalnych i ponad gimnazjalnych odb\u0119dzie si\u0119 w najbli\u017csz\u0105 niedziel\u0119 podczas Mszy \u015awi\u0119tej o 17:00 w dolnym ko\u015bciele.<\/span><\/p>\n<p style=\"text-align: justify; text-indent: -17.85pt; line-height: 120%; mso-list: l0 level1 lfo1; margin: 0cm 0cm .0001pt 17.85pt;\">\n<p style=\"text-align: justify; text-indent: -17.85pt; line-height: 120%; mso-list: l0 level1 lfo1; margin: 0cm 0cm .0001pt 17.85pt;\">\n","protected":false},"excerpt":{"rendered":"<p>1.\u00a0Oktawa uroczysto\u015bci Bo\u017cego Cia\u0142a b\u0119dzie trwa\u0107 do przysz\u0142ego czwartku, dlatego zapraszamy na Msze \u015bwi\u0119t\u0105 o godz. 18.30 po kt\u00f3rych p\u00f3jdziemy w procesji z Naj\u015bwi\u0119tszym Sakramentem dooko\u0142a naszego ko\u015bcio\u0142a. W najbli\u017csz\u0105 niedziel\u0119 procesja odb\u0119dzie si\u0119 po Mszy \u015bw. o 10.00. Prosimy wszystkich wiernych o czynny udzia\u0142 w procesjach, w oktawie.<\/p>\n","protected":false},"author":6,"featured_media":0,"comment_status":"closed","ping_status":"closed","sticky":false,"template":"","format":"standard","meta":{"footnotes":""},"categories":[8,12],"tags":[],"publishpress_future_action":{"enabled":false,"date":"1970-01-01 01:00:00","action":"","terms":[],"taxonomy":"","browser_timezone_offset":0},"_links":{"self":[{"href":"https:\/\/swmikolaj.org\/index.php\/wp-json\/wp\/v2\/posts\/1117"}],"collection":[{"href":"https:\/\/swmikolaj.org\/index.php\/wp-json\/wp\/v2\/posts"}],"about":[{"href":"https:\/\/swmikolaj.org\/index.php\/wp-json\/wp\/v2\/types\/post"}],"author":[{"embeddable":true,"href":"https:\/\/swmikolaj.org\/index.php\/wp-json\/wp\/v2\/users\/6"}],"replies":[{"embeddable":true,"href":"https:\/\/swmikolaj.org\/index.php\/wp-json\/wp\/v2\/comments?post=1117"}],"version-history":[{"count":1,"href":"https:\/\/swmikolaj.org\/index.php\/wp-json\/wp\/v2\/posts\/1117\/revisions"}],"predecessor-version":[{"id":2904,"href":"https:\/\/swmikolaj.org\/index.php\/wp-json\/wp\/v2\/posts\/1117\/revisions\/2904"}],"wp:attachment":[{"href":"https:\/\/swmikolaj.org\/index.php\/wp-json\/wp\/v2\/media?parent=1117"}],"wp:term":[{"taxonomy":"category","embeddable":true,"href":"https:\/\/swmikolaj.org\/index.php\/wp-json\/wp\/v2\/categories?post=1117"},{"taxonomy":"post_tag","embeddable":true,"href":"https:\/\/swmikolaj.org\/index.php\/wp-json\/wp\/v2\/tags?post=1117"}],"curies":[{"name":"wp","href":"https:\/\/api.w.org\/{rel}","templated":true}]}}