{"id":1107,"date":"2017-05-12T12:19:35","date_gmt":"2017-05-12T12:19:35","guid":{"rendered":"http:\/\/nowa.swmikolaj.org\/?p=1107"},"modified":"2020-04-09T10:44:03","modified_gmt":"2020-04-09T10:44:03","slug":"ogloszeniaduszpasterskie14-05-2017r","status":"publish","type":"post","link":"https:\/\/swmikolaj.org\/index.php\/2017\/05\/12\/ogloszeniaduszpasterskie14-05-2017r\/","title":{"rendered":"Og\u0142oszenia Duszpasterskie, 14.05.2017 r."},"content":{"rendered":"<p><span style=\"font-size: 16px; text-align: justify; text-indent: -23.8px;\"><strong>1.<\/strong> Nabo\u017ce\u0144stwa majowe sprawujemy w nast\u0119puj\u0105cym porz\u0105dku: w \u015brody i niedziele o 20:30, w pozosta\u0142e dni o 18:00.<\/span><\/p>\n<p><strong style=\"font-size: 12pt; background-color: transparent;\">2.<\/strong><span style=\"font-size: 12pt; background-color: transparent;\">\u00a0W minion\u0105 sobot\u0119 odby\u0142a si\u0119 uroczysto\u015b\u0107 Pierwszej Komunii \u015awi\u0119tej. Dzieciom gratulujemy i zapraszamy na Bia\u0142y Tydzie\u0144, do pi\u0105tku w\u0142\u0105cznie, na Eucharysti\u0119 o 18:30.<\/span><\/p>\n<p><!--more--><\/p>\n<p><strong style=\"font-size: 12pt; background-color: transparent;\">3.\u00a0<\/strong><span style=\"font-size: 12pt; background-color: transparent;\">Diakon Damian Martyka, nasz parafianin, przyjmie \u015bwi\u0119cenia kap\u0142a\u0144skie w najbli\u017csz\u0105 sobot\u0119 o godz. 9:00 w Katedrze Oliwskiej. Msz\u0119 \u015awi\u0119t\u0105 prymicyjn\u0105 odprawi w niedziel\u0119, 21 maja o 13:00. Serdecznie zapraszamy wszystkich do tej wielkiej rado\u015bci. Prymicja rozpocznie si\u0119 procesj\u0105 z plebanii do ko\u015bcio\u0142a na kt\u00f3r\u0105 prosimy o przygotowanie chor\u0105gwi i feretron\u00f3w. Na zako\u0144czenie Liturgii ks. Damian udzieli indywidualnego b\u0142ogos\u0142awie\u0144stwa prymicyjnego.<\/span><\/p>\n<p><strong style=\"font-size: 12pt; background-color: transparent;\">4.<\/strong><span style=\"font-size: 12pt; background-color: transparent;\">\u00a0Zapraszamy na ewangelizacj\u0119 w centrum Gdyni, kt\u00f3r\u0105 przygotowa\u0142y wsp\u00f3lnoty neokatechumenalne dzisiaj ok. 16:00 na Skwerze Ko\u015bciuszki.<\/span><\/p>\n<p><span style=\"font-size: 12pt;\"><!-- [if !supportLists]--><strong>5.<\/strong>\u00a0Klubu Seniora zaprasza na spotkanie z dietetykiem pani\u0105 Ew\u0105 Dygaszewsk\u0105 w najbli\u017csz\u0105 \u015brod\u0119 o 9:00. <\/span><\/p>\n<p><span style=\"font-size: 12pt;\"><!-- [if !supportLists]--><strong>6.<\/strong>\u00a0M\u0119\u017cczyzn, kt\u00f3rzy chcieliby pozna\u0107 dzia\u0142alno\u015b\u0107 katolickiej formacji Rycerzy Kolumba zapraszamy na pierwsze spotkanie informacyjno-organizacyjne w najbli\u017cszy czwartek, 18 maja na 19:15 do kawiarni w domu parafialnym. Rycerze Kolumba to organizacja licz\u0105ca ponad 1,5 miliona cz\u0142onk\u00f3w na ca\u0142ym \u015bwiecie, z ciekaw\u0105 formacj\u0105 i podejmuj\u0105ca wa\u017cne zadania w Ko\u015bciele i \u015bwiecie. Powsta\u0142a w Stanach Zjednoczonych pod koniec XIX wieku.<\/span><\/p>\n<p><span style=\"font-size: 12pt;\"><!-- [if !supportLists]--><strong>7.<\/strong> Czciciele Mi\u0142osierdzia Bo\u017cego spotykaj\u0105 si\u0119 w pi\u0105tek, 19 maja o godz. 15:30 w domu parafialnym.<\/span><\/p>\n<p><span style=\"font-size: 12pt;\"><!-- [if !supportLists]--><strong>8.<\/strong>\u00a0Organizujemy pielgrzymk\u0119 dla m\u0142odzie\u017cy na Lednic\u0119. Wyjazd w nocy z pi\u0105tku na sobot\u0119, 2\/3 czerwca. Zapisy i szczeg\u00f3\u0142owe informacje u ks. Jana.<\/span><\/p>\n<p><span style=\"font-size: 12pt;\"><!-- [if !supportLists]--><strong>9.<\/strong>\u00a0Przypominamy o mo\u017cliwo\u015bci udzia\u0142u w pielgrzymce do Cz\u0119stochowy i Krakowa w dniach 16-18 czerwca 2017. Podczas pielgrzymi nawiedzimy te\u017c Sanktuarium b\u0142. Salomei i Tyniec. Koszt wyjazdu 250 z\u0142 bez wy\u017cywienia. W zwi\u0105zku z konieczno\u015bci\u0105 rezerwacji nocleg\u00f3w prosimy o zg\u0142aszanie si\u0119 do pi\u0105tku, 19 maja. Zapisy w biurze parafialnym.<\/span><\/p>\n<p><span style=\"font-size: 12pt;\"><!-- [if !supportLists]--><strong>10.<\/strong> Msza \u015bwi\u0119ta z modlitw\u0105 w intencji o uproszenie zdrowia duszy i cia\u0142a b\u0119dzie sprawowana wyj\u0105tkowo w czwart\u0105 niedziel\u0119 miesi\u0105ca, 28 maja o 18:30.<\/span><\/p>\n<p><span style=\"font-size: 12pt;\"><!-- [if !supportLists]--><strong>11.<\/strong>\u00a0\u201eB\u00f3g zap\u0142a\u0107\u201d za ofiary z\u0142o\u017cone na kolekt\u0119 remontowo-inwestycyjn\u0105. W minionych dniach wstawione zosta\u0142o jedena\u015bcie nowych \u0142awek, a stare \u0142awki zosta\u0142y przeniesione na ch\u00f3r, gdzie odnowiona zosta\u0142a r\u00f3wnie\u017c pod\u0142oga. Kolekta na dalsze prace renowacyjne \u0142awek odb\u0119dzie si\u0119 za dwa tygodnie, 28 maja. Dotychczas na prace stolarskie przeznaczyli\u015bmy 82 tysi\u0105ce z\u0142otych. Ca\u0142o\u015b\u0107 prac zwi\u0105zanych z wymian\u0105 i renowacj\u0105 \u0142awek wyniesie oko\u0142o 200 tysiecy. <\/span><\/p>\n<p align=\"center\"><span style=\"font-size: 12pt;\">Spo\u015br\u00f3d parafian w minionych dniach zmarli:<\/span><\/p>\n<p align=\"center\"><span style=\"font-size: 12pt;\">+ Renata Cyza, lat 68; + Hildegarda Szatanik, lat 79; + Anna Sinicka, lat 77;<\/span><\/p>\n<p style=\"text-align: center;\"><span style=\"font-size: 12pt;\">+ Ewa Suszek, 87; + Alfons Heinowski, lat 74; + Gerard Wejher, lat 75.<\/span><\/p>\n","protected":false},"excerpt":{"rendered":"<p>1. Nabo\u017ce\u0144stwa majowe sprawujemy w nast\u0119puj\u0105cym porz\u0105dku: w \u015brody i niedziele o 20:30, w pozosta\u0142e dni o 18:00. 2.\u00a0W minion\u0105 sobot\u0119 odby\u0142a si\u0119 uroczysto\u015b\u0107 Pierwszej Komunii \u015awi\u0119tej. Dzieciom gratulujemy i zapraszamy na Bia\u0142y Tydzie\u0144, do pi\u0105tku w\u0142\u0105cznie, na Eucharysti\u0119 o 18:30.<\/p>\n","protected":false},"author":6,"featured_media":0,"comment_status":"closed","ping_status":"closed","sticky":false,"template":"","format":"standard","meta":{"footnotes":""},"categories":[8,12],"tags":[],"publishpress_future_action":{"enabled":false,"date":"1970-01-01 01:00:00","action":"","terms":[],"taxonomy":"","browser_timezone_offset":0},"_links":{"self":[{"href":"https:\/\/swmikolaj.org\/index.php\/wp-json\/wp\/v2\/posts\/1107"}],"collection":[{"href":"https:\/\/swmikolaj.org\/index.php\/wp-json\/wp\/v2\/posts"}],"about":[{"href":"https:\/\/swmikolaj.org\/index.php\/wp-json\/wp\/v2\/types\/post"}],"author":[{"embeddable":true,"href":"https:\/\/swmikolaj.org\/index.php\/wp-json\/wp\/v2\/users\/6"}],"replies":[{"embeddable":true,"href":"https:\/\/swmikolaj.org\/index.php\/wp-json\/wp\/v2\/comments?post=1107"}],"version-history":[{"count":1,"href":"https:\/\/swmikolaj.org\/index.php\/wp-json\/wp\/v2\/posts\/1107\/revisions"}],"predecessor-version":[{"id":2922,"href":"https:\/\/swmikolaj.org\/index.php\/wp-json\/wp\/v2\/posts\/1107\/revisions\/2922"}],"wp:attachment":[{"href":"https:\/\/swmikolaj.org\/index.php\/wp-json\/wp\/v2\/media?parent=1107"}],"wp:term":[{"taxonomy":"category","embeddable":true,"href":"https:\/\/swmikolaj.org\/index.php\/wp-json\/wp\/v2\/categories?post=1107"},{"taxonomy":"post_tag","embeddable":true,"href":"https:\/\/swmikolaj.org\/index.php\/wp-json\/wp\/v2\/tags?post=1107"}],"curies":[{"name":"wp","href":"https:\/\/api.w.org\/{rel}","templated":true}]}}