{"id":11064,"date":"2022-06-15T13:20:26","date_gmt":"2022-06-15T12:20:26","guid":{"rendered":"https:\/\/swmikolaj.org\/?p=11064"},"modified":"2022-06-15T13:20:27","modified_gmt":"2022-06-15T12:20:27","slug":"intencje-mszy-swietych-13-19-06-2022","status":"publish","type":"post","link":"https:\/\/swmikolaj.org\/index.php\/2022\/06\/15\/intencje-mszy-swietych-13-19-06-2022\/","title":{"rendered":"INTENCJE MSZY \u015aWI\u0118TYCH 13 &#8211; 19\/06\/2022"},"content":{"rendered":"<table width=\"662\">\n<tbody>\n<tr>\n<td colspan=\"2\" width=\"662\"><strong>13\/06\/2022 Poniedzia\u0142ek<\/strong><\/td>\n<\/tr>\n<tr>\n<td width=\"99\"><strong>08:00<\/strong><\/td>\n<td width=\"562\">1.\u00a0\u00a0\u00a0\u00a0\u00a0 + Waleria i J\u00f3zef Ga\u0142\u0105zka oraz Genowefa i Jan Ko\u015bci\u0144scy<\/p>\n<p>2.\u00a0\u00a0\u00a0\u00a0\u00a0 + M\u0105\u017c Antoni Brzostowski oraz rodzice i rodze\u0144stwo z obojga stron<\/td>\n<\/tr>\n<tr>\n<td width=\"99\"><strong>17:30<\/strong><\/td>\n<td width=\"562\">Dzi\u0119kczynno-b\u0142agalna w 90 rocz. urodzin Stefani P\u0142oszczyca z pro\u015bb\u0105 o dar zdrowia dla ca\u0142ej rodziny<\/td>\n<\/tr>\n<tr>\n<td width=\"99\"><strong>18:30<\/strong><\/td>\n<td width=\"562\">1.\u00a0\u00a0\u00a0\u00a0\u00a0 + Mama Ma\u0142gorzata Gopon w 4 rocz. \u015bmierci i babcia Ewa Maria Boza w 50 rocz. \u015bmierci<\/p>\n<p>2.\u00a0\u00a0\u00a0\u00a0\u00a0 + Tata Jaros\u0142aw Pazik z okazji urodzin oraz zmarli z rodziny Pazik<\/p>\n<p>3.\u00a0\u00a0\u00a0\u00a0\u00a0 + Jerzy \u017bydak &#8211; gregoria\u0144ska<\/td>\n<\/tr>\n<tr>\n<td colspan=\"2\" width=\"662\"><strong>14\/06\/2022 Wtorek<\/strong><\/td>\n<\/tr>\n<tr>\n<td width=\"99\"><strong>08:00<\/strong><\/td>\n<td width=\"562\">1.\u00a0\u00a0\u00a0\u00a0\u00a0 + W\u0142adys\u0142aw Brzezi\u0144ski w 5 rocz. \u015bmierci oraz rodzice i rodze\u0144stwo z obojga stron<\/p>\n<p>2.\u00a0\u00a0\u00a0\u00a0\u00a0 + Stanis\u0142aw Jarmo\u0142owicz oraz rodzice Helena i Telesfor Zakrzewscy<\/td>\n<\/tr>\n<tr>\n<td width=\"99\"><strong>17:30<\/strong><\/td>\n<td width=\"562\">+ Jerzy \u017bydak &#8211; gregoria\u0144ska<\/td>\n<\/tr>\n<tr>\n<td width=\"99\"><strong>18:30<\/strong><\/td>\n<td width=\"562\">1.\u00a0\u00a0\u00a0\u00a0\u00a0 Dzi\u0119kczynno-b\u0142agalna w intencji Marii z okazji urodzin oraz ca\u0142ej rodziny<\/p>\n<p>2.\u00a0\u00a0\u00a0\u00a0\u00a0 +\u00a0 Helena Wittbrodt<\/td>\n<\/tr>\n<tr>\n<td colspan=\"2\" width=\"662\"><strong>15\/06\/2022 \u015aroda<\/strong><\/td>\n<\/tr>\n<tr>\n<td width=\"99\"><strong>08:00<\/strong><\/td>\n<td width=\"562\">1.\u00a0\u00a0\u00a0\u00a0\u00a0 B\u0142agalna o \u0142ask\u0119 zdrowia dla Martynki<\/p>\n<p>2.\u00a0\u00a0\u00a0\u00a0\u00a0 + Albin Mi\u0105skowski &#8211; intencja od s\u0105siad\u00f3w z Wejherowskiej 11-17<\/td>\n<\/tr>\n<tr>\n<td width=\"99\"><strong>11:00<\/strong><\/td>\n<td width=\"562\">Pogrzeb: \u015bp. Lucjan Wasi\u0144ski, lat 55<\/td>\n<\/tr>\n<tr>\n<td width=\"99\"><strong>17:30<\/strong><\/td>\n<td width=\"562\">+ Jerzy \u017bydak &#8211; gregoria\u0144ska<\/td>\n<\/tr>\n<tr>\n<td width=\"99\"><strong>18:30<\/strong><\/td>\n<td width=\"562\">1.\u00a0\u00a0\u00a0\u00a0\u00a0 + Edmund Baran w 30 rocz. \u015bmierci oraz Stanis\u0142aw i rodzice z obojga stron<\/p>\n<p>2.\u00a0\u00a0\u00a0\u00a0\u00a0 + Rodzice chrzestni, Teresa i Rudolf<\/p>\n<p>3.\u00a0\u00a0\u00a0\u00a0\u00a0 + Pawe\u0142 \u017burawski w dniu urodzin<\/td>\n<\/tr>\n<tr>\n<td colspan=\"2\" width=\"662\"><strong>16\/06\/2022 Czwartek<\/strong><\/p>\n<p><strong>Uroczysto\u015b\u0107 Naj\u015bwi\u0119tszego Cia\u0142a i Krwi Chrystusa<\/strong><\/td>\n<\/tr>\n<tr>\n<td width=\"99\"><strong>08:00<\/strong><\/td>\n<td width=\"562\">1.\u00a0\u00a0\u00a0\u00a0\u00a0 Dzi\u0119kczynno-b\u0142agalna z pro\u015bb\u0105 o Bo\u017ce b\u0142ogos\u0142awie\u0144stwo, dar zdrowia i pok\u00f3j ducha dla Agnieszki<\/p>\n<p>2.\u00a0\u00a0\u00a0\u00a0\u00a0 + Jerzy \u017bydak &#8211; gregoria\u0144ska<\/td>\n<\/tr>\n<tr>\n<td width=\"99\"><strong>10:00<\/strong><\/p>\n<p><strong>MSZA POLOWA<\/strong><\/td>\n<td width=\"562\">1.\u00a0\u00a0\u00a0\u00a0\u00a0 Dzi\u0119kczynno-b\u0142agalna z pro\u015bb\u0105 o wszelkie potrzebne \u0142aski dla Urszuli, Franciszka i Kordiana<\/p>\n<p>2.\u00a0\u00a0\u00a0\u00a0\u00a0 Dzi\u0119kczynno-b\u0142agalna z pro\u015bb\u0105 o opiek\u0119 i Bo\u017ce prowadzenie dla syn\u00f3w i wnuka<\/p>\n<p>3.\u00a0\u00a0\u00a0\u00a0\u00a0 Dzi\u0119kczynno-b\u0142agalna z pro\u015bb\u0105 o dary Ducha \u015awi\u0119tego dla Kasi, Przemka, Oliwii, Artura i Norberta<\/td>\n<\/tr>\n<tr>\n<td width=\"99\"><strong>13:00<\/strong><\/td>\n<td width=\"562\">+ Syn Marek Miko\u0142ajewski w 4 rocz. \u015bmierci oraz m\u0105\u017c Tadeusz, rodzice i krewni z obojga stron<\/td>\n<\/tr>\n<tr>\n<td width=\"99\"><strong>18:30<\/strong><\/td>\n<td width=\"562\">+ M\u0105\u017c Jan Grobelny w 7 rocz. \u015bmierci oraz zmarli z rodziny D\u0105browicz<\/td>\n<\/tr>\n<tr>\n<td colspan=\"2\" width=\"662\"><strong>17\/06\/2022 Pi\u0105tek<\/strong><\/td>\n<\/tr>\n<tr>\n<td width=\"99\"><strong>08:00<\/strong><\/td>\n<td width=\"562\">1.\u00a0\u00a0\u00a0\u00a0\u00a0 Dzi\u0119kczynno-b\u0142agalna z pro\u015bb\u0105 o \u0142ask\u0119 zdrowia, Bo\u017ce b\u0142ogos\u0142awie\u0144stwo dla siostry Anny<\/p>\n<p>2.\u00a0\u00a0\u00a0\u00a0\u00a0 + Zenon Sikora, Stefan Sikora, Ma\u0142gorzata Peryt i Zygmunt Peryt<\/p>\n<p>3.\u00a0\u00a0\u00a0\u00a0\u00a0 \u00a0+ Jerzy \u017bydak &#8211; gregoria\u0144ska<\/td>\n<\/tr>\n<tr>\n<td width=\"99\"><strong>18:30<\/strong><\/td>\n<td width=\"562\">1.\u00a0\u00a0\u00a0\u00a0\u00a0 + Bo\u017cena Ochma\u0144ska w 1 rocz. \u015bmierci<\/p>\n<p>2.\u00a0\u00a0\u00a0\u00a0\u00a0 Dzi\u0119kczynno-b\u0142agalna w intencji Jadwigi Reszke z okazji urodzin z pro\u015bb\u0105 o Bo\u017ce b\u0142ogos\u0142awie\u0144stwo i dar zdrowia<\/p>\n<p>3.\u00a0\u00a0\u00a0\u00a0\u00a0 Dzi\u0119kczynno-b\u0142agalna w rocz. urodzin Aliny z pro\u015bba o Bo\u017ce b\u0142ogos\u0142awie\u0144stwo i opiek\u0119 Matki Bo\u017cej na dalsze lata<\/td>\n<\/tr>\n<tr>\n<td colspan=\"2\" width=\"662\"><strong>18\/06\/2022 Sobota<\/strong><\/td>\n<\/tr>\n<tr>\n<td width=\"99\"><strong>08:00<\/strong><\/td>\n<td width=\"562\">1.\u00a0\u00a0\u00a0\u00a0\u00a0 Dzi\u0119kczynno-b\u0142agalna z okazji urodzin Ma\u0142gorzaty z pro\u015bba o Bo\u017ce b\u0142ogos\u0142awie\u0144stwo i opiek\u0119 Matki Bo\u017cej na dalsze lata<\/p>\n<p>2.\u00a0\u00a0\u00a0\u00a0\u00a0 + Bronis\u0142aw i Helena Pawelec , Pawe\u0142 i Stefania Fija\u0142 oraz rodzice z obojga stron.<\/p>\n<p>3.\u00a0\u00a0\u00a0\u00a0\u00a0 + Miros\u0142aw Wilk w 1 rocz. \u015bmierci oraz Ewa Dudek w 2 rocz. \u015bmierci<\/p>\n<p>4.\u00a0\u00a0\u00a0\u00a0\u00a0 + Jerzy \u017bydak &#8211; gregoria\u0144ska<\/td>\n<\/tr>\n<tr>\n<td width=\"99\"><strong>12:30<\/strong><\/td>\n<td width=\"562\">Pogrzeb: \u015bp. Wanda Bara\u0144ska, lat 94<\/td>\n<\/tr>\n<tr>\n<td width=\"99\"><strong>18:30<\/strong><\/td>\n<td width=\"562\">+ M\u0105\u017c Czes\u0142aw w 2 rocz. \u015bmierci oraz rodzice z obojga stron, bracia i bratowe<\/td>\n<\/tr>\n<tr>\n<td colspan=\"2\" width=\"662\"><strong>19\/06\/2022 <\/strong><\/p>\n<p><strong>XII Niedziela Zwyk\u0142a<\/strong><\/td>\n<\/tr>\n<tr>\n<td width=\"99\"><strong>08:00<\/strong><\/td>\n<td width=\"562\">1.\u00a0\u00a0\u00a0\u00a0\u00a0 Dzi\u0119kczynno-b\u0142agalna z pro\u015bb\u0105 o Bo\u017ce b\u0142ogos\u0142awie\u0144stwo i opiek\u0119 Matki Bo\u017cej w rocznice \u015bwi\u0119ce\u0144 ks. Tomasza i ks. Krzysztofa Kosza\u0142ka<\/p>\n<p>2.\u00a0\u00a0\u00a0\u00a0\u00a0 + Jan i Irena Ronewicz<\/p>\n<p>3.\u00a0\u00a0\u00a0\u00a0\u00a0 + Jerzy \u017bydak &#8211; gregoria\u0144ska<\/td>\n<\/tr>\n<tr>\n<td width=\"99\"><strong>10:00<\/strong><\/td>\n<td width=\"562\">W intencji parafii<\/td>\n<\/tr>\n<tr>\n<td width=\"99\"><strong>11:30<\/strong><\/td>\n<td width=\"562\">+ Zdzis\u0142aw w 8 rocz. \u015bmierci, Teresa i rodzice<\/td>\n<\/tr>\n<tr>\n<td width=\"99\"><strong>13:00<\/strong><\/td>\n<td width=\"562\">1.\u00a0\u00a0\u00a0\u00a0\u00a0 + M\u0105\u017c Eugeniusz oraz zmarli z rodziny Bazylko<\/p>\n<p>2.\u00a0\u00a0\u00a0\u00a0\u00a0 + Rodzice Julianna i J\u00f3zef Sala oraz Helena i Pawe\u0142 Reszke<\/td>\n<\/tr>\n<tr>\n<td width=\"99\"><strong>18:30<\/strong><\/td>\n<td width=\"562\">W intencji o uzdrowienie duszy i cia\u0142a<\/td>\n<\/tr>\n<tr>\n<td width=\"99\"><strong>17:00DK<\/strong><\/td>\n<td width=\"562\">+ Gerard Szulc w 16 rocz. \u015bmierci oraz rodzice i rodze\u0144stwo z obojga stron<\/td>\n<\/tr>\n<\/tbody>\n<\/table>\n","protected":false},"excerpt":{"rendered":"<p>13\/06\/2022 Poniedzia\u0142ek 08:00 1.\u00a0\u00a0\u00a0\u00a0\u00a0 + Waleria i J\u00f3zef Ga\u0142\u0105zka oraz Genowefa i Jan Ko\u015bci\u0144scy 2.\u00a0\u00a0\u00a0\u00a0\u00a0 + M\u0105\u017c Antoni Brzostowski oraz rodzice i rodze\u0144stwo z obojga stron 17:30 Dzi\u0119kczynno-b\u0142agalna w 90 rocz. urodzin Stefani P\u0142oszczyca z pro\u015bb\u0105 o dar zdrowia dla ca\u0142ej rodziny 18:30 1.\u00a0\u00a0\u00a0\u00a0\u00a0 + Mama Ma\u0142gorzata Gopon w 4 rocz. \u015bmierci i babcia Ewa [&hellip;]<\/p>\n","protected":false},"author":6,"featured_media":0,"comment_status":"closed","ping_status":"closed","sticky":false,"template":"","format":"standard","meta":{"footnotes":""},"categories":[10],"tags":[],"publishpress_future_action":{"enabled":false,"date":"1970-01-01 01:00:00","action":"","terms":[],"taxonomy":"","browser_timezone_offset":0},"_links":{"self":[{"href":"https:\/\/swmikolaj.org\/index.php\/wp-json\/wp\/v2\/posts\/11064"}],"collection":[{"href":"https:\/\/swmikolaj.org\/index.php\/wp-json\/wp\/v2\/posts"}],"about":[{"href":"https:\/\/swmikolaj.org\/index.php\/wp-json\/wp\/v2\/types\/post"}],"author":[{"embeddable":true,"href":"https:\/\/swmikolaj.org\/index.php\/wp-json\/wp\/v2\/users\/6"}],"replies":[{"embeddable":true,"href":"https:\/\/swmikolaj.org\/index.php\/wp-json\/wp\/v2\/comments?post=11064"}],"version-history":[{"count":1,"href":"https:\/\/swmikolaj.org\/index.php\/wp-json\/wp\/v2\/posts\/11064\/revisions"}],"predecessor-version":[{"id":11065,"href":"https:\/\/swmikolaj.org\/index.php\/wp-json\/wp\/v2\/posts\/11064\/revisions\/11065"}],"wp:attachment":[{"href":"https:\/\/swmikolaj.org\/index.php\/wp-json\/wp\/v2\/media?parent=11064"}],"wp:term":[{"taxonomy":"category","embeddable":true,"href":"https:\/\/swmikolaj.org\/index.php\/wp-json\/wp\/v2\/categories?post=11064"},{"taxonomy":"post_tag","embeddable":true,"href":"https:\/\/swmikolaj.org\/index.php\/wp-json\/wp\/v2\/tags?post=11064"}],"curies":[{"name":"wp","href":"https:\/\/api.w.org\/{rel}","templated":true}]}}