{"id":1094,"date":"2017-03-24T18:37:28","date_gmt":"2017-03-24T18:37:28","guid":{"rendered":"http:\/\/nowa.swmikolaj.org\/?p=1094"},"modified":"2017-03-24T18:37:28","modified_gmt":"2017-03-24T18:37:28","slug":"rekolekcjewielkopostnedladoroslychimlodziezyponadgimnazjalnej","status":"publish","type":"post","link":"https:\/\/swmikolaj.org\/index.php\/2017\/03\/24\/rekolekcjewielkopostnedladoroslychimlodziezyponadgimnazjalnej\/","title":{"rendered":"REKOLEKCJE WIELKOPOSTNE DLA  DOROS\u0141YCH  i M\u0141ODZIE\u017bY PONADGIMNAZJALNEJ"},"content":{"rendered":"<p align=\"center\"><span style=\"text-decoration: underline;\"><strong><span style=\"font-size: 12pt;\">Niedziela, 2 kwietnia 2017 r.<\/span><\/strong><\/span><\/p>\n<p align=\"center\"><span style=\"text-decoration: underline;\"><strong><span style=\"font-size: 12pt;\">Rozpocz\u0119cie na wszystkich Mszach \u015bw.:<\/span><\/strong><\/span><\/p>\n<p align=\"center\"><span style=\"font-size: 12pt;\">Sobota 18:30<\/span><\/p>\n<p align=\"center\"><span style=\"font-size: 12pt;\">8:00,&nbsp; 10:00,&nbsp; 11:30; 13:00, 17:00 (dolny ko\u015bci&oacute;\u0142) <\/span><\/p>\n<p class=\"MsoNormal\" style=\"margin-bottom: .0001pt; text-align: center; line-height: normal;\" align=\"center\"><span style=\"font-size: 12pt;\">i 18:30 (m\u0142odzie\u017c ponadgimnazjalna)<\/span><\/p>\n<p><\/p>\n<p class=\"MsoNormal\" style=\"margin-bottom: .0001pt; text-align: center; line-height: normal;\" align=\"center\"><span style=\"font-size: 12pt;\"><strong><span style=\"text-decoration: underline;\">Poniedzia\u0142ek, 3 kwietnia<\/span><\/strong><\/span><\/p>\n<p class=\"MsoNormal\" style=\"margin-bottom: .0001pt; text-align: center; line-height: normal;\" align=\"center\"><span style=\"font-size: 12pt;\">&nbsp;Msza \u015bwi\u0119ta z nauk\u0105 rekolekcyjn\u0105 o:&nbsp; 8:00, 10:00 i 18:30. <\/span><\/p>\n<p class=\"MsoNormal\" style=\"margin-bottom: .0001pt; text-align: center; line-height: normal;\" align=\"center\"><span style=\"font-size: 12pt;\">20:00 (dolny ko\u015bci&oacute;\u0142) &ndash; M\u0141ODZIE\u017b I WSZYSCY P&Oacute;\u0179NOKO\u0143CZ\u0104CY ZAJ\u0118CIA<span style=\"text-decoration: underline;\"><\/span><\/span><\/p>\n<p class=\"MsoNormal\" style=\"margin-bottom: .0001pt; text-align: center; line-height: normal;\" align=\"center\"><span style=\"font-size: 12pt;\"><strong><span style=\"color: #c00000;\">Spowied\u017a \u015bw.: od 7:30 do 10:15 i od 17:30 do 19:30.<\/span><\/strong><\/span><\/p>\n<p class=\"MsoNormal\" style=\"margin-bottom: .0001pt; text-align: center; line-height: normal;\" align=\"center\"><span style=\"font-size: 12pt;\"><strong><span style=\"color: #c00000;\">19:30 &ndash; 20:30 (dolny ko\u015bci&oacute;\u0142)<\/span><\/strong><\/span><\/p>\n<p class=\"MsoNormal\" style=\"margin-bottom: .0001pt; text-align: center; line-height: normal;\" align=\"center\"><span style=\"font-size: 12pt;\"><strong><span style=\"text-decoration: underline;\"><\/span><\/strong><\/span><\/p>\n<p class=\"MsoNormal\" style=\"margin-bottom: .0001pt; text-align: center; line-height: normal;\" align=\"center\"><span style=\"font-size: 12pt;\"><strong><span style=\"text-decoration: underline;\">Wtorek, 4 kwietnia<\/span><\/strong><\/span><\/p>\n<p class=\"MsoNormal\" style=\"margin-bottom: .0001pt; text-align: center; line-height: normal;\" align=\"center\"><span style=\"font-size: 12pt;\">Msza \u015bwi\u0119ta z nauk\u0105 rekolekcyjn\u0105 o:&nbsp; 8:00, 10:00 i 18:30. <\/span><\/p>\n<p class=\"MsoNormal\" style=\"margin-bottom: .0001pt; text-align: center; line-height: normal;\" align=\"center\"><span style=\"font-size: 12pt;\">20:00 (dolny ko\u015bci&oacute;\u0142) &ndash; M\u0141ODZIE\u017b I WSZYSCY P&Oacute;\u0179NOKO\u0143CZ\u0104CY ZAJ\u0118CIA<\/span><\/p>\n<p class=\"MsoNormal\" style=\"margin-bottom: .0001pt; text-align: center; line-height: normal;\" align=\"center\"><span style=\"font-size: 12pt;\"><strong><span style=\"text-decoration: underline;\"><\/span><\/strong><\/span><\/p>\n<p class=\"MsoNormal\" style=\"margin-bottom: .0001pt; text-align: center; line-height: normal;\" align=\"center\"><span style=\"font-size: 12pt;\"><strong><span style=\"text-decoration: underline;\">\u015aroda, 5 kwietnia<\/span><\/strong><\/span><\/p>\n<p class=\"MsoNormal\" style=\"margin-bottom: .0001pt; text-align: center; line-height: normal;\" align=\"center\"><span style=\"font-size: 12pt;\">Msza \u015bwi\u0119ta z nauk\u0105 rekolekcyjn\u0105 o:&nbsp; 8:00, 10:00,&nbsp; 18:30. <\/span><\/p>\n<p class=\"MsoNormal\" style=\"margin-bottom: .0001pt; text-align: center; line-height: normal;\" align=\"center\"><span style=\"font-size: 12pt;\">20:00 (dolny ko\u015bci&oacute;\u0142) &#8211; M\u0141ODZIE\u017b I WSZYSCY P&Oacute;\u0179NOKO\u0143CZ\u0104CY ZAJ\u0118CIA<\/span><\/p>\n<p class=\"MsoNormal\" style=\"margin-bottom: .0001pt; text-align: center; line-height: normal;\" align=\"center\"><span style=\"font-size: 12pt; color: #00b050;\"><\/span><\/p>\n<p class=\"MsoNormal\" style=\"margin-bottom: .0001pt; text-align: center; line-height: normal;\" align=\"center\"><span style=\"font-size: 12pt;\"><strong><span style=\"color: #0070c0;\">Rekolekcje prowadzi: <\/span><\/strong><\/span><\/p>\n<p class=\"MsoNormal\" style=\"margin-bottom: .0001pt; text-align: center; line-height: normal;\" align=\"center\"><span style=\"font-size: 12pt;\"><strong><span style=\"color: #0070c0;\">O. Adam Sroka (kapucyn)<\/span><\/strong><\/span><strong style=\"background-color: transparent;\"><span style=\"font-size: 12pt;\">.<\/span><\/strong><\/p>\n","protected":false},"excerpt":{"rendered":"<p>Niedziela, 2 kwietnia 2017 r. Rozpocz\u0119cie na wszystkich Mszach \u015bw.: Sobota 18:30 8:00,&nbsp; 10:00,&nbsp; 11:30; 13:00, 17:00 (dolny ko\u015bci&oacute;\u0142) i 18:30 (m\u0142odzie\u017c ponadgimnazjalna) Poniedzia\u0142ek, 3 kwietnia &nbsp;Msza \u015bwi\u0119ta z nauk\u0105 rekolekcyjn\u0105 o:&nbsp; 8:00, 10:00 i 18:30. 20:00 (dolny ko\u015bci&oacute;\u0142) &ndash; M\u0141ODZIE\u017b I WSZYSCY P&Oacute;\u0179NOKO\u0143CZ\u0104CY ZAJ\u0118CIA Spowied\u017a \u015bw.: od 7:30 do 10:15 i od 17:30 do [&hellip;]<\/p>\n","protected":false},"author":6,"featured_media":0,"comment_status":"closed","ping_status":"closed","sticky":false,"template":"","format":"standard","meta":{"footnotes":""},"categories":[8],"tags":[],"publishpress_future_action":{"enabled":false,"date":"1970-01-01 01:00:00","action":"","terms":[],"taxonomy":"","browser_timezone_offset":0},"_links":{"self":[{"href":"https:\/\/swmikolaj.org\/index.php\/wp-json\/wp\/v2\/posts\/1094"}],"collection":[{"href":"https:\/\/swmikolaj.org\/index.php\/wp-json\/wp\/v2\/posts"}],"about":[{"href":"https:\/\/swmikolaj.org\/index.php\/wp-json\/wp\/v2\/types\/post"}],"author":[{"embeddable":true,"href":"https:\/\/swmikolaj.org\/index.php\/wp-json\/wp\/v2\/users\/6"}],"replies":[{"embeddable":true,"href":"https:\/\/swmikolaj.org\/index.php\/wp-json\/wp\/v2\/comments?post=1094"}],"version-history":[{"count":0,"href":"https:\/\/swmikolaj.org\/index.php\/wp-json\/wp\/v2\/posts\/1094\/revisions"}],"wp:attachment":[{"href":"https:\/\/swmikolaj.org\/index.php\/wp-json\/wp\/v2\/media?parent=1094"}],"wp:term":[{"taxonomy":"category","embeddable":true,"href":"https:\/\/swmikolaj.org\/index.php\/wp-json\/wp\/v2\/categories?post=1094"},{"taxonomy":"post_tag","embeddable":true,"href":"https:\/\/swmikolaj.org\/index.php\/wp-json\/wp\/v2\/tags?post=1094"}],"curies":[{"name":"wp","href":"https:\/\/api.w.org\/{rel}","templated":true}]}}