{"id":10912,"date":"2022-05-27T12:59:44","date_gmt":"2022-05-27T11:59:44","guid":{"rendered":"https:\/\/swmikolaj.org\/?p=10912"},"modified":"2022-06-01T21:05:14","modified_gmt":"2022-06-01T20:05:14","slug":"ogloszenia-duszpasterskie-i-biuletyn-parafialny-29-05-2022r","status":"publish","type":"post","link":"https:\/\/swmikolaj.org\/index.php\/2022\/05\/27\/ogloszenia-duszpasterskie-i-biuletyn-parafialny-29-05-2022r\/","title":{"rendered":"Og\u0142oszenia Duszpasterskie i Biuletyn Parafialny, 29.05.2022r."},"content":{"rendered":"<p style=\"text-align: justify;\"><span style=\"font-size: 18pt;\"><strong>1.<\/strong> <\/span>Nabo\u017ce\u0144stwa majowe odb\u0119d\u0105 si\u0119 jeszcze dzisiaj o 20:30 (w g\u00f3rnym ko\u015bciele) &nbsp;oraz w poniedzia\u0142ek i wtorek o 18:00. <br><span style=\"font-size: 18pt;\"><strong>2.<\/strong> <\/span>Nabo\u017ce\u0144stwa czerwcowe ku czci Naj\u015bwi\u0119tszego Serca Pana Jezusa odprawiamy od poniedzia\u0142ku do soboty na zako\u0144czenie adoracji o 18:10 w dolnym ko\u015bciele, a w niedziel\u0119 wraz z Koronk\u0105 o 9:30.<\/p>\n\n\n<!--more-->\n\n\n<p style=\"text-align: justify;\"><span style=\"font-size: 18pt;\"><strong>3.<\/strong> <\/span>Osoby zwi\u0105zane z nasz\u0105 parafi\u0105 zapraszamy na internetowe spotkanie synodalne na zoomie zatytu\u0142owane: \u201eChcia\u0142bym powiedzie\u0107 w Ko\u015bciele, \u017ce\u2026\u201d dzisiaj, 29 maja o 19:45. <a href=\"https:\/\/us06web.zoom.us\/j\/83554271203?pwd=Zi9OeVVqV0dKUFRaWExVdmh5U2doUT09\">https:\/\/us06web.zoom.us\/j\/83554271203?pwd=Zi9OeVVqV0dKUFRaWExVdmh5U2doUT09<\/a> (Identyfikator spotkania: 835 5427 1203; Kod dost\u0119pu: 136031)<br \/><span style=\"font-size: 18pt;\"><strong>4.<\/strong> <\/span>Kolejny koncert Gdy\u0144skiej Orkiestry Symfonicznej odb\u0119dzie si\u0119 dzisiaj, w niedziel\u0119, 29 maja o 19:30 w naszym ko\u015bciele. Wst\u0119p wolny.<br \/><span style=\"font-size: 18pt;\"><strong>5.<\/strong><\/span> Zapraszamy na spotkanie Klubu Seniora w \u015brod\u0119 o 9:00 do sali nr 5. <br \/><span style=\"font-size: 18pt;\"><strong>6.<\/strong> <\/span>W pierwszy czwartek miesi\u0105ca zach\u0119camy do modlitwy podczas adoracji Naj\u015bwi\u0119tszego Sakramentu w intencji powo\u0142anych do kap\u0142a\u0144stwa i \u017cycia konsekrowanego.<br \/><span style=\"font-size: 18pt;\"><strong>7.<\/strong> <\/span>W pierwszy pi\u0105tek miesi\u0105ca zapraszamy na Eucharystie o 8:00 lub 18:30. Spowied\u017a tego dnia od 7:30 do 8:15 i od 17:45 do 18:45.<br \/><span style=\"font-size: 18pt;\"><strong>8.<\/strong><\/span> Spotkanie dla cz\u0142onk\u00f3w \u017bywego R\u00f3\u017ca\u0144ca odb\u0119dzie si\u0119 w sobot\u0119. Msza \u015bwi\u0119ta o 8:00, a nast\u0119pnie nabo\u017ce\u0144stwo pierwszosobotnie o 8:30 w dolnym ko\u015bciele.<br \/><span style=\"font-size: 18pt;\"><strong>9.<\/strong> <\/span>Ju\u017c dzisiaj zapraszamy wsp\u00f3lnoty, grupy i wszystkich przyjaci\u00f3\u0142 naszej parafii na czuwanie w wigili\u0119 uroczysto\u015bci Zes\u0142ania Ducha \u015awi\u0119tego. Rozpoczniemy je w sobot\u0119, 4 czerwca o 20:00 i zako\u0144czymy Eucharysti\u0105 o 23:00.<br \/><span style=\"font-size: 18pt;\"><strong>10.<\/strong> <\/span>Wyjazd m\u0142odzie\u017cy na spotkanie lednickie odb\u0119dzie si\u0119 4 czerwca. Zapisy i informacje u ks. Grzegorza.<br \/><span style=\"font-size: 18pt;\"><strong>11.<\/strong><\/span> Ks. Zbigniew Lorkowski organizuje pielgrzymk\u0119 do Koszalina. W planie mi\u0119dzy innymi Msza \u015awi\u0119ta w sanktuarium Matki Bo\u017cej Trzykro\u0107 Przedziwnej oraz nawiedzenie pustelni w \u015awi\u0119tej G\u00f3rze Polanowskiej. Wyjazd w sobot\u0119, 11 czerwca, koszt 65 z\u0142, kontakt pod numerem telefonu 504 37 36 77.<br \/><span style=\"font-size: 18pt;\"><strong>12.<\/strong> <\/span>Z powodu bardzo ma\u0142ego zainteresowania nie jeste\u015bmy w stanie zorganizowa\u0107 pieszej pielgrzymki do Wejherowa. Jednak\u017ce w dniach pielgrzymki \u00a0Ks. Arcybiskup Tadeusz Wojda zaprasza na pierwsz\u0105, rodzinn\u0105 pielgrzymk\u0119 z Oliwy do Matemblewa. W planie piknik oraz koncert, a tak\u017ce Msza \u015awi\u0119ta. Wyj\u015bcie spod archikatedry oliwskiej w sobot\u0119, 11 czerwca o godz. 11:00. <br \/><span style=\"font-size: 18pt;\"><strong>13.<\/strong> <\/span>Kwesta na wsparcie ci\u0119\u017cko chorej, dwuletniej Leny odb\u0119dzie si\u0119 dzisiaj po ka\u017cdej Mszy \u015bwi\u0119tej.<\/p>\n<p style=\"text-align: center;\">W minionych dniach zmarli:<br \/>Jadwiga Jatczak, lat 81; Irena Milczy\u0144ska, lat 63;<br \/>J\u00f3zef Izdebski, lat 82; Jan Pa\u0142asz, lat 80; Edward Katana, lat 87.<\/p>\n\n\n<div class=\"wp-block-file\"><a href=\"https:\/\/swmikolaj.org\/wp-content\/uploads\/2022\/05\/Biuletyn-Parafialny-2022-05-29.pdf\">Biuletyn-Parafialny-2022-05-29<\/a><a href=\"https:\/\/swmikolaj.org\/wp-content\/uploads\/2022\/05\/Biuletyn-Parafialny-2022-05-29.pdf\" class=\"wp-block-file__button\" download>Pobierz<\/a><\/div>\n","protected":false},"excerpt":{"rendered":"<p>1. Nabo\u017ce\u0144stwa majowe odb\u0119d\u0105 si\u0119 jeszcze dzisiaj o 20:30 (w g\u00f3rnym ko\u015bciele) &nbsp;oraz w poniedzia\u0142ek i wtorek o 18:00. 2. Nabo\u017ce\u0144stwa czerwcowe ku czci Naj\u015bwi\u0119tszego Serca Pana Jezusa odprawiamy od poniedzia\u0142ku do soboty na zako\u0144czenie adoracji o 18:10 w dolnym ko\u015bciele, a w niedziel\u0119 wraz z Koronk\u0105 o 9:30.<\/p>\n","protected":false},"author":6,"featured_media":0,"comment_status":"closed","ping_status":"closed","sticky":false,"template":"","format":"standard","meta":{"footnotes":""},"categories":[12],"tags":[],"publishpress_future_action":{"enabled":false,"date":"1970-01-01 01:00:00","action":"","terms":[],"taxonomy":"","browser_timezone_offset":0},"_links":{"self":[{"href":"https:\/\/swmikolaj.org\/index.php\/wp-json\/wp\/v2\/posts\/10912"}],"collection":[{"href":"https:\/\/swmikolaj.org\/index.php\/wp-json\/wp\/v2\/posts"}],"about":[{"href":"https:\/\/swmikolaj.org\/index.php\/wp-json\/wp\/v2\/types\/post"}],"author":[{"embeddable":true,"href":"https:\/\/swmikolaj.org\/index.php\/wp-json\/wp\/v2\/users\/6"}],"replies":[{"embeddable":true,"href":"https:\/\/swmikolaj.org\/index.php\/wp-json\/wp\/v2\/comments?post=10912"}],"version-history":[{"count":5,"href":"https:\/\/swmikolaj.org\/index.php\/wp-json\/wp\/v2\/posts\/10912\/revisions"}],"predecessor-version":[{"id":10948,"href":"https:\/\/swmikolaj.org\/index.php\/wp-json\/wp\/v2\/posts\/10912\/revisions\/10948"}],"wp:attachment":[{"href":"https:\/\/swmikolaj.org\/index.php\/wp-json\/wp\/v2\/media?parent=10912"}],"wp:term":[{"taxonomy":"category","embeddable":true,"href":"https:\/\/swmikolaj.org\/index.php\/wp-json\/wp\/v2\/categories?post=10912"},{"taxonomy":"post_tag","embeddable":true,"href":"https:\/\/swmikolaj.org\/index.php\/wp-json\/wp\/v2\/tags?post=10912"}],"curies":[{"name":"wp","href":"https:\/\/api.w.org\/{rel}","templated":true}]}}