{"id":10882,"date":"2022-05-23T16:06:49","date_gmt":"2022-05-23T15:06:49","guid":{"rendered":"https:\/\/swmikolaj.org\/?p=10882"},"modified":"2022-05-27T10:55:34","modified_gmt":"2022-05-27T09:55:34","slug":"intencje-mszy-swietych-23-29-05-2022","status":"publish","type":"post","link":"https:\/\/swmikolaj.org\/index.php\/2022\/05\/23\/intencje-mszy-swietych-23-29-05-2022\/","title":{"rendered":"INTENCJE MSZY \u015aWI\u0118TYCH 23 &#8211; 29\/05\/2022"},"content":{"rendered":"<table width=\"647\">\n<tbody>\n<tr>\n<td colspan=\"2\" width=\"647\"><strong>23\/05\/2022 Poniedzia\u0142ek<\/strong><\/td>\n<\/tr>\n<tr>\n<td width=\"85\"><strong>08:00<\/strong><\/td>\n<td width=\"562\">1.\u00a0\u00a0\u00a0\u00a0\u00a0 B\u0142agalna o \u0142ask\u0119 zdrowia dla Martynki<\/p>\n<p>2.\u00a0\u00a0\u00a0\u00a0\u00a0 B\u0142agalna o dar zdrowia, Bo\u017ce b\u0142ogos\u0142awie\u0144stwo, pok\u00f3j ducha i wiele \u0142aska dla Beaty<\/td>\n<\/tr>\n<tr>\n<td width=\"85\"><strong>11:15<\/strong><\/td>\n<td width=\"562\">Pogrzeb: \u015bp. Edmund Lipi\u0144ski, lat 93<\/td>\n<\/tr>\n<tr>\n<td width=\"85\"><strong>13:30<\/strong><\/td>\n<td width=\"562\">Pogrzeb: \u015bp. Maria Pawlikowska, lat 81<\/td>\n<\/tr>\n<tr>\n<td width=\"85\"><strong>18:30<\/strong><\/td>\n<td width=\"562\">1.\u00a0\u00a0\u00a0\u00a0\u00a0 + Teresa Guzman, zmarli z rodziny Guzman i Gre\u0144 oraz Jan i Anna<\/p>\n<p>2.\u00a0\u00a0\u00a0\u00a0\u00a0 + Antoni Majewski<\/p>\n<p>3.\u00a0\u00a0\u00a0\u00a0\u00a0 + \u00a0Helena Wittbrodt<\/p>\n<p>4.\u00a0\u00a0\u00a0\u00a0\u00a0 + Ryszard Gronalewski &#8211; gregoria\u0144ska<\/td>\n<\/tr>\n<tr>\n<td colspan=\"2\" width=\"647\"><strong>24\/05\/2022 Wtorek<\/strong><\/td>\n<\/tr>\n<tr>\n<td width=\"85\"><strong>08:00<\/strong><\/td>\n<td width=\"562\">1.\u00a0\u00a0\u00a0\u00a0\u00a0 Dzi\u0119kczynno-b\u0142agalna w 90 rocz. urodzin Teresy Go\u0142u\u0144skiej z pro\u015bb\u0105 o dar zdrowia, Bo\u017ce b\u0142ogos\u0142awie\u0144stwo i opiek\u0119 Matki Bo\u017cej na dalsze lata &#8211; intencja od X R\u00f3\u017cy \u017bywego R\u00f3\u017ca\u0144ca<\/p>\n<p>2.\u00a0\u00a0\u00a0\u00a0\u00a0 + Mieczys\u0142awa i Stanis\u0142aw Markiewicz<\/p>\n<p>3.\u00a0\u00a0\u00a0\u00a0\u00a0 + Ryszard Gronalewski &#8211; gregoria\u0144ska<\/td>\n<\/tr>\n<tr>\n<td width=\"85\"><strong>10:30<\/strong><\/td>\n<td width=\"562\">Pogrzeb: \u015bp. Rozalia Bieszke, lat 90<\/td>\n<\/tr>\n<tr>\n<td width=\"85\"><strong>18:30<\/strong><\/td>\n<td width=\"562\">1.\u00a0\u00a0\u00a0\u00a0\u00a0 + Jadwiga i Jan Kali\u0144scy<\/p>\n<p>2.\u00a0\u00a0\u00a0\u00a0\u00a0 + W\u0142adys\u0142aw Borowiec w 2 rocz. \u015bmierci oraz Zofia Borowiec<\/td>\n<\/tr>\n<tr>\n<td colspan=\"2\" width=\"647\"><strong>25\/05\/2022 \u015aroda<\/strong><\/td>\n<\/tr>\n<tr>\n<td width=\"85\"><strong>08:00<\/strong><\/td>\n<td width=\"562\">1.\u00a0\u00a0\u00a0\u00a0\u00a0 + Brunon Miotke w 14 rocz. \u015bmierci oraz jego rodzice Joanna i Franciszek<\/p>\n<p>2.\u00a0\u00a0\u00a0\u00a0\u00a0 + Jadwiga i Stanis\u0142aw Ignacik, Maria i Aleksander \u017buk oraz Brunon Marks<\/p>\n<p>3.\u00a0\u00a0\u00a0\u00a0\u00a0 + Dziadkowie i babcie z obojga stron oraz rodzice chrzestni<\/td>\n<\/tr>\n<tr>\n<td width=\"85\"><strong>18:30<\/strong><\/td>\n<td width=\"562\">1.\u00a0\u00a0\u00a0\u00a0\u00a0 Dzi\u0119kczynno-b\u0142agalna z pro\u015bb\u0105 o dar zdrowia i opiek\u0119 dla Joanny<\/p>\n<p>2.\u00a0\u00a0\u00a0\u00a0\u00a0 + Krystyna i zmarli z rodziny<\/p>\n<p>3.\u00a0\u00a0\u00a0\u00a0\u00a0 + Ryszard Gronalewski &#8211; gregoria\u0144ska<\/td>\n<\/tr>\n<tr>\n<td colspan=\"2\" width=\"647\"><strong>26\/05\/2022 Czwartek<\/strong><\/td>\n<\/tr>\n<tr>\n<td width=\"85\"><strong>08:00<\/strong><\/td>\n<td width=\"562\">1.\u00a0\u00a0\u00a0\u00a0\u00a0 Dzi\u0119kczynno-b\u0142agalna w rocznic\u0119 urodzin Anny z pro\u015bb\u0105 o Bo\u017ce b\u0142ogos\u0142awie\u0144stwo i opiek\u0119 Matki Bo\u017cej na dalsze lata<\/p>\n<p>2.\u00a0\u00a0\u00a0\u00a0\u00a0 + Rodzice z obojga stron Szymoch\u00f3w i Pie\u0144kowskich oraz Eugeniusz i zmarli z rodziny<\/p>\n<p>3.\u00a0\u00a0\u00a0\u00a0\u00a0 + Joanna i Mateusz<\/p>\n<p>4.\u00a0\u00a0\u00a0\u00a0\u00a0 + Ryszard Gronalewski &#8211; gregoria\u0144ska<\/td>\n<\/tr>\n<tr>\n<td width=\"85\"><strong>11:00<\/strong><\/td>\n<td width=\"562\">Pogrzeb: \u015bp. J\u00f3zef Izdebski, lat 82<\/td>\n<\/tr>\n<tr>\n<td width=\"85\"><strong>14:00<\/strong><\/td>\n<td width=\"562\">Pogrzeb: \u015bp. Irena Milczy\u0144ska, lat 69<\/td>\n<\/tr>\n<tr>\n<td width=\"85\"><strong>18:30<\/strong><\/td>\n<td width=\"562\">1.\u00a0\u00a0\u00a0\u00a0\u00a0 + Zuzanna<\/p>\n<p>2.\u00a0\u00a0\u00a0\u00a0\u00a0 + Stanis\u0142aw Mazurek, Erik Marci\u0144ski, Antoni Brzostowski, Wies\u0142aw Pop\u0142onyk, Ludwika Ma\u0142kowska, Jan Grobelany, Teresa Kruger, Brygida Abraham, Irena Czop, Krystyna D\u0119bska, Antoni Majewski, Stanis\u0142aw Kaczor, Krystyna Zabrocka, Aniela Kankowska, Wojciech Go\u015bciniak, Ewa Dudka, Zdzis\u0142aw Balcerowiak, Maria Pawlikowska i Edmund Lipi\u0144ski<\/td>\n<\/tr>\n<tr>\n<td colspan=\"2\" width=\"647\"><strong>27\/05\/2022 Pi\u0105tek<\/strong><\/td>\n<\/tr>\n<tr>\n<td width=\"85\"><strong>08:00<\/strong><\/td>\n<td width=\"562\">1.\u00a0\u00a0\u00a0\u00a0\u00a0 W intencji mamy Anny o potrzebne \u0142aski<\/p>\n<p>2.\u00a0\u00a0\u00a0\u00a0\u00a0 + Brat Brunon oraz rodzice z obojga stron<\/p>\n<p>3.\u00a0\u00a0\u00a0\u00a0\u00a0 + Ryszard Gronalewski &#8211; gregoria\u0144ska<\/td>\n<\/tr>\n<tr>\n<td width=\"85\"><strong>18:30<\/strong><\/td>\n<td width=\"562\">1.\u00a0\u00a0\u00a0\u00a0\u00a0 Dzi\u0119kczynno-b\u0142agalna z pro\u015bb\u0105 o wszelkie potrzebne \u0142aski dla\u00a0 Agnieszki, Piotra i ich rodziny oraz dla Bartosza<\/p>\n<p>2.\u00a0\u00a0\u00a0\u00a0\u00a0 + Brat Eugeniusz w 3 rocz. \u015bmierci oraz rodzice i rodze\u0144stwo<\/p>\n<p>3.\u00a0\u00a0\u00a0\u00a0\u00a0 + Stefania i Stefan oraz rodzice z obojga stron<\/td>\n<\/tr>\n<tr>\n<td colspan=\"2\" width=\"647\"><strong>28\/05\/2022 Sobota<\/strong><\/td>\n<\/tr>\n<tr>\n<td width=\"85\"><strong>08:00<\/strong><\/td>\n<td width=\"562\">1.\u00a0\u00a0\u00a0\u00a0\u00a0 + Teresa, Zdzis\u0142aw oraz rodzice z obojga stron<\/p>\n<p>2.\u00a0\u00a0\u00a0\u00a0\u00a0 + M\u0105\u017c Bogumi\u0142 oraz rodzice z obojga stron, brat Kazimierz<\/p>\n<p>3.\u00a0\u00a0\u00a0\u00a0\u00a0 + El\u017cbieta, Stanis\u0142aw, Leonard, Krystyna<\/p>\n<p>4.\u00a0\u00a0\u00a0\u00a0\u00a0 + M\u0105\u017c Lucjan, rodzice z obojga stron, rodze\u0144stwo: Stanis\u0142aw, Tadeusz, Zygmunt, Katarzyna, El\u017cbieta, Roman, Jadwiga, Ma\u0142gorzata<\/p>\n<p>5.\u00a0\u00a0\u00a0\u00a0\u00a0 + Ryszard Gronalewski &#8211; gregoria\u0144ska<\/td>\n<\/tr>\n<tr>\n<td width=\"85\"><strong>18:30<\/strong><\/td>\n<td width=\"562\">Dzi\u0119kczynno-b\u0142agalna z pro\u015bb\u0105 o Bo\u017ce b\u0142ogos\u0142awie\u0144stwo, dary Ducha \u015awi\u0119tego i opiek\u0119 Maryi dla Kamili w rocznic\u0119 urodzin<\/td>\n<\/tr>\n<tr>\n<td colspan=\"2\" width=\"647\"><strong>29\/05\/2022<\/strong><\/p>\n<p><strong>Wniebowst\u0105pienie Pa\u0144skie<\/strong><\/td>\n<\/tr>\n<tr>\n<td width=\"85\"><strong>08:00<\/strong><\/td>\n<td width=\"562\">1.\u00a0\u00a0\u00a0\u00a0\u00a0 + M\u0105\u017c Pawe\u0142 oraz rodzice z obojga stron, zmarli z rodziny<\/p>\n<p>2.\u00a0\u00a0\u00a0\u00a0\u00a0 + Ryszard Gronalewski &#8211; gregoria\u0144ska<\/td>\n<\/tr>\n<tr>\n<td width=\"85\"><strong>10:00<\/strong><\/td>\n<td width=\"562\">W intencji parafii<\/td>\n<\/tr>\n<tr>\n<td width=\"85\"><strong>11:30<\/strong><\/td>\n<td width=\"562\">+ Rodzice Natalia i Kazimierz oraz Regina i Wac\u0142aw<\/td>\n<\/tr>\n<tr>\n<td width=\"85\"><strong>13:00<\/strong><\/td>\n<td width=\"562\">1.\u00a0\u00a0\u00a0\u00a0\u00a0 + Kazimierz Jatczak w 10 rocz. \u015bmierci oraz Jadwiga Jatczak i zmarli z rodziny<\/p>\n<p>2.\u00a0\u00a0\u00a0\u00a0\u00a0 + Teresa i Feliks Zajko<\/td>\n<\/tr>\n<tr>\n<td width=\"85\"><strong>18:30<\/strong><\/td>\n<td width=\"562\">Dzi\u0119kczynno-b\u0142agalna w podzi\u0119kowaniu za 11 lat abstynencji z pro\u015bb\u0105 o \u0142ask\u0119 kolejnych lat w trze\u017awo\u015bci<\/td>\n<\/tr>\n<tr>\n<td width=\"85\"><strong>17:00DK<\/strong><\/td>\n<td width=\"562\">+ Stanis\u0142awa Grzela w 3 rocz. \u015bmierci<\/td>\n<\/tr>\n<\/tbody>\n<\/table>\n","protected":false},"excerpt":{"rendered":"<p>23\/05\/2022 Poniedzia\u0142ek 08:00 1.\u00a0\u00a0\u00a0\u00a0\u00a0 B\u0142agalna o \u0142ask\u0119 zdrowia dla Martynki 2.\u00a0\u00a0\u00a0\u00a0\u00a0 B\u0142agalna o dar zdrowia, Bo\u017ce b\u0142ogos\u0142awie\u0144stwo, pok\u00f3j ducha i wiele \u0142aska dla Beaty 11:15 Pogrzeb: \u015bp. Edmund Lipi\u0144ski, lat 93 13:30 Pogrzeb: \u015bp. Maria Pawlikowska, lat 81 18:30 1.\u00a0\u00a0\u00a0\u00a0\u00a0 + Teresa Guzman, zmarli z rodziny Guzman i Gre\u0144 oraz Jan i Anna 2.\u00a0\u00a0\u00a0\u00a0\u00a0 + [&hellip;]<\/p>\n","protected":false},"author":6,"featured_media":0,"comment_status":"closed","ping_status":"closed","sticky":false,"template":"","format":"standard","meta":{"footnotes":""},"categories":[10],"tags":[],"publishpress_future_action":{"enabled":false,"date":"1970-01-01 01:00:00","action":"","terms":[],"taxonomy":"","browser_timezone_offset":0},"_links":{"self":[{"href":"https:\/\/swmikolaj.org\/index.php\/wp-json\/wp\/v2\/posts\/10882"}],"collection":[{"href":"https:\/\/swmikolaj.org\/index.php\/wp-json\/wp\/v2\/posts"}],"about":[{"href":"https:\/\/swmikolaj.org\/index.php\/wp-json\/wp\/v2\/types\/post"}],"author":[{"embeddable":true,"href":"https:\/\/swmikolaj.org\/index.php\/wp-json\/wp\/v2\/users\/6"}],"replies":[{"embeddable":true,"href":"https:\/\/swmikolaj.org\/index.php\/wp-json\/wp\/v2\/comments?post=10882"}],"version-history":[{"count":2,"href":"https:\/\/swmikolaj.org\/index.php\/wp-json\/wp\/v2\/posts\/10882\/revisions"}],"predecessor-version":[{"id":10908,"href":"https:\/\/swmikolaj.org\/index.php\/wp-json\/wp\/v2\/posts\/10882\/revisions\/10908"}],"wp:attachment":[{"href":"https:\/\/swmikolaj.org\/index.php\/wp-json\/wp\/v2\/media?parent=10882"}],"wp:term":[{"taxonomy":"category","embeddable":true,"href":"https:\/\/swmikolaj.org\/index.php\/wp-json\/wp\/v2\/categories?post=10882"},{"taxonomy":"post_tag","embeddable":true,"href":"https:\/\/swmikolaj.org\/index.php\/wp-json\/wp\/v2\/tags?post=10882"}],"curies":[{"name":"wp","href":"https:\/\/api.w.org\/{rel}","templated":true}]}}