{"id":1088,"date":"2017-03-10T15:13:12","date_gmt":"2017-03-10T15:13:12","guid":{"rendered":"http:\/\/nowa.swmikolaj.org\/?p=1088"},"modified":"2020-04-09T10:44:03","modified_gmt":"2020-04-09T10:44:03","slug":"ogloszeniaduszpasterskie12-03-2017r","status":"publish","type":"post","link":"https:\/\/swmikolaj.org\/index.php\/2017\/03\/10\/ogloszeniaduszpasterskie12-03-2017r\/","title":{"rendered":"Og\u0142oszenia Duszpasterskie, 12.03.2017 r."},"content":{"rendered":"<p style=\"text-align: justify; text-indent: -17.85pt; mso-list: l0 level1 lfo1; margin: 0cm 0cm .0001pt 17.85pt;\"><!-- [if !supportLists]--><span style=\"font-size: 12pt;\"><strong>1.<\/strong>\u00a0Nabo\u017ce\u0144stwa pasyjne sprawujemy w nast\u0119puj\u0105cym porz\u0105dku:<\/span><\/p>\n<p style=\"padding-left: 30px;\"><span style=\"font-size: 12pt;\"><strong>a.<\/strong> Nabo\u017ce\u0144stwa Drogi Krzy\u017cowej w pi\u0105tki:<\/span><\/p>\n<p style=\"padding-left: 60px;\"><span style=\"font-size: 12pt;\">&#8211; dla wszystkich wiernych o 8:30 i 17:45,<\/span><\/p>\n<p style=\"padding-left: 60px;\"><span style=\"font-size: 12pt;\">&#8211; dla dzieci o 17:00,<\/span><\/p>\n<p style=\"padding-left: 60px;\"><span style=\"font-size: 12pt;\">&#8211; dla m\u0142odzie\u017cy i wszystkich, kt\u00f3rzy nie zd\u0105\u017c\u0105 wcze\u015bniej o 19:30 w dolnym ko\u015bciele.<\/span><\/p>\n<p style=\"padding-left: 30px;\">\u00a0<span style=\"font-size: 12pt;\"><strong>b.<\/strong> Nabo\u017ce\u0144stwo Gorzkich \u017bali w niedziel\u0119 o 17:00.<\/span><\/p>\n<p><!--more--><\/p>\n<p><strong><span style=\"font-size: 12pt; background-color: transparent;\">2.<\/span><\/strong><span style=\"font-size: 12pt; background-color: transparent;\">\u00a0\u00a0<\/span><span style=\"font-size: 12pt; background-color: transparent;\">Jutrzni\u0119 sprawujemy od poniedzia\u0142ku do pi\u0105tku o 5:30 w sali nr 10, w domu parafialnym.<\/span><\/p>\n<p><span style=\"font-size: 12pt;\"><strong>3.<\/strong>\u00a0Zapraszamy na modlitw\u0119 uwielbienia, \u00a0prowadzon\u0105 przez ma\u0142\u017ce\u0144stwo muzyk\u00f3w, dzisiaj na godz. 20:00 do dolnego ko\u015bcio\u0142a.<\/span><\/p>\n<p><span style=\"font-size: 12pt;\"><!-- [if !supportLists]--><strong>4.<\/strong>\u00a0Wsp\u00f3lnota Szko\u0142y Nowej Ewangelizacji Magnificat zaprasza na Eucharysti\u0119 we wtorek o 19:15 w dolnym ko\u015bciele.<\/span><\/p>\n<p><span style=\"font-size: 12pt;\"><!-- [if !supportLists]--><strong>5.<\/strong>\u00a0Spotkanie zelator\u00f3w R\u00f3\u017c \u017bywego R\u00f3\u017ca\u0144ca odb\u0119dzie si\u0119 w czwartek, 16 marca o 16:30 w kawiarence.<\/span><\/p>\n<p><span style=\"font-size: 12pt;\"><!-- [if !supportLists]--><strong>6.<\/strong>\u00a0Pr\u00f3ba Diakonii Muzycznej\u00a0 \u015aw. Miko\u0142aja odb\u0119dzie si\u0119 \u00a0w sobot\u0119 o 16:45 w domu parafialnym. <\/span><\/p>\n<p><span style=\"font-size: 12pt;\"><!-- [if !supportLists]--><strong>7.<\/strong>\u00a0Wizytacj\u0119 ks. biskupa Wies\u0142awa Szlachetki wraz z Bierzmowaniem prze\u017cywa\u0107 b\u0119dziemy w niedziel\u0119, 19 marca. Poszczeg\u00f3lne grupy b\u0119d\u0105 zdawa\u0142y relacj\u0119 ze swojej dzia\u0142alno\u015bci poprzez przekazanie w procesji z darami ofiarnymi pisemnego sprawozdania z okresu 5 lat. Zaprezentujemy si\u0119 w nast\u0119puj\u0105cym porz\u0105dku:<\/span><\/p>\n<p style=\"padding-left: 30px;\"><span style=\"font-size: 12pt;\"><!-- [if !supportLists]--><strong>a.<\/strong>\u00a0Podczas Mszy \u015bw. o 8:00: \u017bywy R\u00f3\u017caniec, Czciciele Mi\u0142osierdzia Bo\u017cego, Apostolat Maryjny, Nadzwyczajni Szafarze Komunii \u015aw., Semper Fidelis i Parafialna Rada Duszpasterska.<\/span><\/p>\n<p style=\"padding-left: 30px;\"><span style=\"font-size: 12pt;\"><!-- [if !supportLists]--><strong>b.<\/strong>\u00a0Podczas Mszy \u015bw. o 10:00: Wsp\u00f3lnota SNE Magnificat, Stow. \u015aw. Miko\u0142aja Biskupa (w tym m.in. Klub Seniora), Ch\u00f3r Parafialny, Diakonia Muzyczna \u015aw. Miko\u0142aja, Wsp\u00f3lnota Chrystus Powr\u00f3ci, Redakcja Czasopisma Miko\u0142aj, Wsp\u00f3lnota Sychar, R\u00f3\u017caniec Rodzic\u00f3w, Tr\u00f3jmiejska Formacja Uwielbienia, S\u0142udzy Ewangelii Mi\u0142osierdzia Bo\u017cego, Pustynia Miast, Parafialny Zesp\u00f3\u0142 Caritas, Dzieje II.<\/span><\/p>\n<p style=\"padding-left: 30px;\"><span style=\"font-size: 12pt;\"><!-- [if !supportLists]--><strong>c.<\/strong>\u00a0Podczas Mszy \u015bw. o 11:30: Wsp\u00f3lnoty Drogi Neokatechumenalnej, Schola Dzieci\u0119ca, Liturgiczna S\u0142u\u017cba O\u0142tarza, Wsp\u00f3lnota Dzieci\u0119ca, Kr\u0119gi Domowego Ko\u015bcio\u0142a.<\/span><\/p>\n<p style=\"padding-left: 30px;\"><span style=\"font-size: 12pt;\"><!-- [if !supportLists]--><strong>d.<\/strong>\u00a0Wizytacja zako\u0144czy si\u0119 Eucharysti\u0105 o 13:00 podczas kt\u00f3rej ks. biskup udzieli sakramentu Bierzmowania. W zwi\u0105zku z tym, 19 marca nie b\u0119dzie Mszy \u015bw. o 17:00 w dolnym ko\u015bciele.<\/span><\/p>\n<p><span style=\"font-size: 12pt;\"><!-- [if !supportLists]--><strong>8.<\/strong>\u00a0Nowenna do Ducha \u015awi\u0119tego dla kandydat\u00f3w do Bierzmowania po\u0142\u0105czona z pr\u00f3bami odbywa\u0107 si\u0119 b\u0119dzie od 13 do 18 marca po Mszy wieczornej w g\u00f3rnym ko\u015bciele. Spowied\u017a \u015awi\u0119ta dla kandydat\u00f3w do Bierzmowania, \u015bwiadk\u00f3w i ich bliskich b\u0119dzie w pi\u0105tek od 17:00 do 18:30. Na pr\u00f3b\u0119 ze \u015bwiadkami zapraszamy w sobot\u0119, 18 marca na 19:30.<\/span><\/p>\n<p><span style=\"font-size: 12pt;\"><!-- [if !supportLists]--><strong>9.\u00a0<\/strong>Msza \u015bwi\u0119ta z modlitw\u0105 o uproszenie zdrowia duszy i cia\u0142a b\u0119dzie sprawowana w przysz\u0142\u0105 niedziel\u0119, 19 marca o 18:30.<\/span><\/p>\n<p><span style=\"font-size: 12pt;\"><!-- [if !supportLists]--><strong>10.<\/strong>\u00a0D\u0142ugodystansow\u0105 Drog\u0119 Krzy\u017cow\u0105 z Chyloni na Kalwari\u0119 Wejherowsk\u0105 odprawimy po raz pi\u0105ty. B\u0119dzie to w sobot\u0119, 8 kwietnia. Wymarsz o godz. 4:00. Zapisy w biurze parafialnym.<\/span><\/p>\n<p><span style=\"font-size: 12pt;\"><!-- [if !supportLists]--><strong>11.<\/strong>\u00a0Za dwa tygodnie b\u0119dziemy go\u015bcili ks. Petera Hockena, cenionego teologa. Spotkanie z nim i innymi zaproszonymi go\u015b\u0107mi odb\u0119dzie si\u0119 w sobot\u0119 we Gda\u0144sku-Wrzeszczu pod has\u0142em &#8222;Izrael \u2013 pierwsza mi\u0142o\u015b\u0107 Boga&#8221; i w niedziel\u0119, 26 marca w Chyloni pod has\u0142em &#8222;Ko\u015bci\u00f3\u0142 za czas\u00f3w papie\u017ca Franciszka&#8221;. Szczeg\u00f3\u0142y na plakatach.<\/span><\/p>\n<p><span style=\"font-size: 12pt;\"><!-- [if !supportLists]--><strong>12.<\/strong>\u00a0Organizujemy w naszej parafii 7 dniow\u0105 pielgrzymk\u0119 do Wilna w dniach 08-14 lipca. <\/span><br \/>\n<span style=\"font-size: 12pt;\"> W planie mi\u0119dzy innymi Sok\u00f3\u0142ka, Grabarka, Wigry oraz Kruszyniany. Koszt: 850 z\u0142. Zapisy w biurze parafialnym. W zwi\u0105zku z rezerwacj\u0105 nocleg\u00f3w prosimy o szybkie zapisy i zaliczk\u0119 200 z\u0142.<\/span><\/p>\n<p><span style=\"font-size: 12pt;\"><!-- [if !supportLists]--><strong>13.<\/strong>\u00a0Zach\u0119camy do podarowania 1% podatku na rzecz naszego Stowarzyszenie \u015aw. Miko\u0142aja Biskupa. Tym, kt\u00f3rzy b\u0119d\u0105 to chcieli uczyni\u0107 s\u0142u\u017cymy pomoc\u0105 w wype\u0142nianiu deklaracji PIT w ka\u017cdy czwartek w biurze parafialnym.<\/span><\/p>\n<p><span style=\"font-size: 12pt;\"><!-- [if !supportLists]--><strong>14.<\/strong>\u00a0Polecamy dzisiaj nowy numer czasopisma Miko\u0142aj. Tym razem po\u015bwiecili\u015bmy go tematowi: Nasza parafia z r\u00f3\u017cnych perspektyw. Cena: 3 z\u0142.<\/span><\/p>\n<p><span style=\"font-size: 12pt;\"><!-- [if !supportLists]--><strong>15.<\/strong>\u00a0Serdecznie dzi\u0119kujemy za ofiary z\u0142o\u017cone na kolekt\u0119, kt\u00f3re przeznaczmy na sp\u0142at\u0119 lutowych rachunk\u00f3w za ogrzewanie budynk\u00f3w parafialnych, kt\u00f3re wynios\u0142y 9900 z\u0142. Za tydzie\u0144 taca przeznaczona b\u0119dzie na renowacj\u0119 \u0142awek. W minionym tygodniu na ten cel wp\u0142acono 650 z\u0142. Do tej pory przekazali\u015bmy ju\u017c na prace stolarskie 54 tysi\u0105ce z\u0142. Trwaj\u0105 prace nad pierwsza parti\u0105 17 nowych \u0142awek. <\/span><\/p>\n<p><span style=\"font-size: 12pt;\"><!-- [if !supportLists]--><strong>16.<\/strong>\u00a0Ofiary zbierane do puszek, dzisiaj po ka\u017cdej Mszy \u015awi\u0119tej, s\u0105 przeznaczone na pomoc polskim misjonarzom poprzez Dzie\u0142o Pomocy \u201eAd Gentes&#8221; przy Komisji Episkopatu Polski ds. Misji.<\/span><\/p>\n<p align=\"center\"><span style=\"font-size: 12pt;\">W minionych dniach zmarli:<\/span><\/p>\n<p align=\"center\"><span style=\"font-size: 12pt;\">+ Krystyna Cie\u015blak, lat 80;<\/span><\/p>\n<p align=\"center\"><span style=\"font-size: 12pt;\">+ Wies\u0142aw Selonke, lat 55;<\/span><\/p>\n<p style=\"text-align: center;\"><span style=\"font-size: 12pt;\">+ Zygmunt Pulcyn, lat 73.\u00a0<\/span><\/p>\n","protected":false},"excerpt":{"rendered":"<p>1.\u00a0Nabo\u017ce\u0144stwa pasyjne sprawujemy w nast\u0119puj\u0105cym porz\u0105dku: a. Nabo\u017ce\u0144stwa Drogi Krzy\u017cowej w pi\u0105tki: &#8211; dla wszystkich wiernych o 8:30 i 17:45, &#8211; dla dzieci o 17:00, &#8211; dla m\u0142odzie\u017cy i wszystkich, kt\u00f3rzy nie zd\u0105\u017c\u0105 wcze\u015bniej o 19:30 w dolnym ko\u015bciele. \u00a0b. Nabo\u017ce\u0144stwo Gorzkich \u017bali w niedziel\u0119 o 17:00.<\/p>\n","protected":false},"author":6,"featured_media":0,"comment_status":"closed","ping_status":"closed","sticky":false,"template":"","format":"standard","meta":{"footnotes":""},"categories":[8,12],"tags":[],"publishpress_future_action":{"enabled":false,"date":"1970-01-01 01:00:00","action":"","terms":[],"taxonomy":"","browser_timezone_offset":0},"_links":{"self":[{"href":"https:\/\/swmikolaj.org\/index.php\/wp-json\/wp\/v2\/posts\/1088"}],"collection":[{"href":"https:\/\/swmikolaj.org\/index.php\/wp-json\/wp\/v2\/posts"}],"about":[{"href":"https:\/\/swmikolaj.org\/index.php\/wp-json\/wp\/v2\/types\/post"}],"author":[{"embeddable":true,"href":"https:\/\/swmikolaj.org\/index.php\/wp-json\/wp\/v2\/users\/6"}],"replies":[{"embeddable":true,"href":"https:\/\/swmikolaj.org\/index.php\/wp-json\/wp\/v2\/comments?post=1088"}],"version-history":[{"count":1,"href":"https:\/\/swmikolaj.org\/index.php\/wp-json\/wp\/v2\/posts\/1088\/revisions"}],"predecessor-version":[{"id":2946,"href":"https:\/\/swmikolaj.org\/index.php\/wp-json\/wp\/v2\/posts\/1088\/revisions\/2946"}],"wp:attachment":[{"href":"https:\/\/swmikolaj.org\/index.php\/wp-json\/wp\/v2\/media?parent=1088"}],"wp:term":[{"taxonomy":"category","embeddable":true,"href":"https:\/\/swmikolaj.org\/index.php\/wp-json\/wp\/v2\/categories?post=1088"},{"taxonomy":"post_tag","embeddable":true,"href":"https:\/\/swmikolaj.org\/index.php\/wp-json\/wp\/v2\/tags?post=1088"}],"curies":[{"name":"wp","href":"https:\/\/api.w.org\/{rel}","templated":true}]}}