{"id":10825,"date":"2022-05-13T13:24:07","date_gmt":"2022-05-13T12:24:07","guid":{"rendered":"https:\/\/swmikolaj.org\/?p=10825"},"modified":"2022-05-13T13:24:08","modified_gmt":"2022-05-13T12:24:08","slug":"intencje-mszy-swietych-09-15-05-2022","status":"publish","type":"post","link":"https:\/\/swmikolaj.org\/index.php\/2022\/05\/13\/intencje-mszy-swietych-09-15-05-2022\/","title":{"rendered":"INTENCJE MSZY \u015aWI\u0118TYCH 09 &#8211; 15\/05\/2022"},"content":{"rendered":"\n<table width=\"647\">\n<tbody>\n<tr>\n<td colspan=\"2\" width=\"647\">\n<p><strong>09\/05\/2022 Poniedzia\u0142ek<\/strong><\/p>\n<\/td>\n<\/tr>\n<tr>\n<td width=\"85\">\n<p><strong>08:00<\/strong><\/p>\n<\/td>\n<td width=\"562\">\n<p>1.\u00a0\u00a0\u00a0\u00a0\u00a0 Dzi\u0119kczynno-b\u0142agalna w dniu urodzin Teresy z pro\u015bb\u0105 o \u0142ask\u0119 zdrowia<\/p>\n<p>2.\u00a0\u00a0\u00a0\u00a0\u00a0 B\u0142agalna o dar zdrowia dla dzieci i wnuk\u00f3w<\/p>\n<p>3.\u00a0\u00a0\u00a0\u00a0\u00a0 + Ryszard Gronalewski &#8211; gregoria\u0144ska<\/p>\n<\/td>\n<\/tr>\n<tr>\n<td width=\"85\">\n<p><strong>10:00<\/strong><\/p>\n<\/td>\n<td width=\"562\">\n<p>Pogrzeb: \u015bp. Krystyna D\u0119bska, lat 86<\/p>\n<\/td>\n<\/tr>\n<tr>\n<td width=\"85\">\n<p><strong>18:30<\/strong><\/p>\n<\/td>\n<td width=\"562\">\n<p>1.\u00a0\u00a0\u00a0\u00a0\u00a0 + Jolanta Saci\u0142owska oraz Albin i W\u0142adys\u0142awa<\/p>\n<p>2.\u00a0\u00a0\u00a0\u00a0\u00a0 + Maria Dietzel w 2 rocz. \u015bmierci<\/p>\n<p>3.\u00a0\u00a0\u00a0\u00a0\u00a0 + Marianna i Wincenty oraz zmarli z rodzin Kili\u0144skich i Stenka<\/p>\n<\/td>\n<\/tr>\n<tr>\n<td colspan=\"2\" width=\"647\">\n<p><strong>10\/05\/2022 Wtorek<\/strong><\/p>\n<\/td>\n<\/tr>\n<tr>\n<td width=\"85\">\n<p><strong>08:00<\/strong><\/p>\n<\/td>\n<td width=\"562\">\n<p>1.\u00a0\u00a0\u00a0\u00a0\u00a0 B\u0142agalna o \u0142ask\u0119 zdrowia dla Martynki<\/p>\n<p>2.\u00a0\u00a0\u00a0\u00a0\u00a0 + Bronis\u0142awa Miko\u0142ajewska<\/p>\n<\/td>\n<\/tr>\n<tr>\n<td width=\"85\">\n<p><strong>10:00<\/strong><\/p>\n<\/td>\n<td width=\"562\">\n<p>Pogrzeb: \u015bp. Irena Czop, lat 84<\/p>\n<\/td>\n<\/tr>\n<tr>\n<td width=\"85\">\n<p><strong>18:30<\/strong><\/p>\n<\/td>\n<td width=\"562\">\n<p>1.\u00a0\u00a0\u00a0\u00a0\u00a0 + Gerard Wejher w 5 rocz. \u015bmierci<\/p>\n<p>2.\u00a0\u00a0\u00a0\u00a0\u00a0 + Ryszard Gronalewski &#8211; gregoria\u0144ska<\/p>\n<\/td>\n<\/tr>\n<tr>\n<td width=\"85\">\n<p><strong>19:30DK<\/strong><\/p>\n<\/td>\n<td width=\"562\">\n<p>Szko\u0142a Ewangelizacji Magnificat<\/p>\n<\/td>\n<\/tr>\n<tr>\n<td colspan=\"2\" width=\"647\">\n<p><strong>11\/05\/2022 \u015aroda<\/strong><\/p>\n<\/td>\n<\/tr>\n<tr>\n<td width=\"85\">\n<p><strong>08:00<\/strong><\/p>\n<\/td>\n<td width=\"562\">\n<p>1.\u00a0\u00a0\u00a0\u00a0\u00a0 Dzi\u0119kczynno-b\u0142agalna w intencji II R\u00f3\u017cy \u017bywego R\u00f3\u017ca\u0144ca z pro\u015bb\u0105 o zdrowie, Bo\u017ce b\u0142ogos\u0142awie\u0144stwo i opiek\u0119 Matki Bo\u017cej dla cz\u0142onki\u0144 i ich rodzin<\/p>\n<p>2.\u00a0\u00a0\u00a0\u00a0\u00a0 + Dziadkowie z obojga stron, rodzice chrzestni z obojga stron,\u00a0 zmarli w czy\u015b\u0107cu i za tych o kt\u00f3rych nikt nie pami\u0119ta<\/p>\n<p>3.\u00a0\u00a0\u00a0\u00a0\u00a0 + Ryszard Gronalewski &#8211; gregoria\u0144ska<\/p>\n<\/td>\n<\/tr>\n<tr>\n<td width=\"85\">\n<p><strong>18:30<\/strong><\/p>\n<\/td>\n<td width=\"562\">\n<p>1.\u00a0\u00a0\u00a0\u00a0\u00a0 + Helena i Stefan Wittbrodt<\/p>\n<p>2.\u00a0\u00a0\u00a0\u00a0\u00a0 + Henryk Butowski, rodzice, Apolonia, Irena i Aleksander Milanowscy<\/p>\n<p>3.\u00a0\u00a0\u00a0\u00a0\u00a0 + Irena Bisior oraz zmarli z rodziny Piotrkowiak, Bisior i Ziemblickich<\/p>\n<\/td>\n<\/tr>\n<tr>\n<td colspan=\"2\" width=\"647\">\n<p><strong>12\/05\/2022 Czwartek<\/strong><\/p>\n<\/td>\n<\/tr>\n<tr>\n<td width=\"85\">\n<p><strong>08:00<\/strong><\/p>\n<\/td>\n<td width=\"562\">\n<p>1.\u00a0\u00a0\u00a0\u00a0\u00a0 B\u0142agalna o \u0142ask\u0119 zdrowia dla Martynki<\/p>\n<p>2.\u00a0\u00a0\u00a0\u00a0\u00a0 + Czes\u0142aw Wolniak oraz zmarli z rodziny z obojga stron<\/p>\n<p>3.\u00a0\u00a0\u00a0\u00a0\u00a0 + Halina Bonar<\/p>\n<p>4.\u00a0\u00a0\u00a0\u00a0\u00a0 + Ryszard Gronalewski &#8211; gregoria\u0144ska<\/p>\n<\/td>\n<\/tr>\n<tr>\n<td width=\"85\">\n<p><strong>11:30<\/strong><\/p>\n<\/td>\n<td width=\"562\">\n<p>Pogrzeb: \u015bp. Antoni Brzostowski, lat 81<\/p>\n<\/td>\n<\/tr>\n<tr>\n<td width=\"85\">\n<p><strong>18:30<\/strong><\/p>\n<\/td>\n<td width=\"562\">\n<p>1.\u00a0\u00a0\u00a0\u00a0\u00a0 + Edmund Petke w rocz. \u015bmierci oraz rodzice, te\u015bciowie i rodze\u0144stwo<\/p>\n<p>2.\u00a0\u00a0\u00a0\u00a0\u00a0 + Stefania w 28 rocz. \u015bmierci oraz Franciszek i Jerzy Karol<\/p>\n<\/td>\n<\/tr>\n<tr>\n<td colspan=\"2\" width=\"647\">\n<p><strong>13\/05\/2022 Pi\u0105tek<\/strong><\/p>\n<\/td>\n<\/tr>\n<tr>\n<td width=\"85\">\n<p><strong>08:00<\/strong><\/p>\n<\/td>\n<td width=\"562\">\n<p>1.\u00a0\u00a0\u00a0\u00a0\u00a0 + Irena i Tadeusz Matras<\/p>\n<p>2.\u00a0\u00a0\u00a0\u00a0\u00a0 + Rodzice Stefan i Helena, m\u0105\u017c Henryk<\/p>\n<p>3.\u00a0\u00a0\u00a0\u00a0\u00a0 + M\u0105\u017c Roman w 13 rocz. \u015bmierci, Helena i Antoni Narloch, Miros\u0142awa i Zdzis\u0142aw Obieg\u0142y<\/p>\n<\/td>\n<\/tr>\n<tr>\n<td width=\"85\">\n<p><strong>11:00<\/strong><\/p>\n<\/td>\n<td width=\"562\">\n<p>Pogrzeb: \u015bp. Erik Marci\u0144ski, lat 82<\/p>\n<\/td>\n<\/tr>\n<tr>\n<td width=\"85\">\n<p><strong>18:30<\/strong><\/p>\n<\/td>\n<td width=\"562\">\n<p>1.\u00a0\u00a0\u00a0\u00a0\u00a0 Dzi\u0119kczynno-b\u0142agalna z pro\u015bb\u0105 o \u0142ask\u0105 zdrowia i Bo\u017ce b\u0142ogos\u0142awie\u0144stwo dla ca\u0142ej rodziny<\/p>\n<p>2.\u00a0\u00a0\u00a0\u00a0\u00a0 + M\u0105\u017c Henryk \u0141azaronek w 1 rocz. \u015bmierci oraz rodzice i zmarli z rodziny \u0141azaronek<\/p>\n<p>3.\u00a0\u00a0\u00a0\u00a0\u00a0 + Ryszard Gronalewski &#8211; gregoria\u0144ska<\/p>\n<\/td>\n<\/tr>\n<tr>\n<td colspan=\"2\" width=\"647\">\n<p><strong>14\/05\/2022 Sobota<\/strong><\/p>\n<\/td>\n<\/tr>\n<tr>\n<td width=\"85\">\n<p><strong>08:00<\/strong><\/p>\n<\/td>\n<td width=\"562\">\n<p>1.\u00a0\u00a0\u00a0\u00a0\u00a0 Dzi\u0119kczynno-b\u0142agalna R\u00f3\u017c R\u00f3\u017ca\u0144cowych Rodzic\u00f3w, z pro\u015bb\u0105 za dzieci i rodzic\u00f3w oraz o \u017cycie wieczne dla zmar\u0142ych<\/p>\n<p>2.\u00a0\u00a0\u00a0\u00a0\u00a0 + Klemens, zmarli z rodziny Kobiel\u00f3w i Stenk\u00f3w, zmarli w czy\u015b\u0107cu<\/p>\n<p>3.\u00a0\u00a0\u00a0\u00a0\u00a0 + Feliks, Barbara i Antoni Szyma\u0144scy, Halina Sallenorz i rodzice z obojga stron<\/p>\n<p>4.\u00a0\u00a0\u00a0\u00a0\u00a0 + Rodzice Barbara i Klemens, brat Stanis\u0142aw, Zygmunt i Irena oraz Czes\u0142awa i Marian<\/p>\n<p>5.\u00a0\u00a0\u00a0\u00a0\u00a0 + Ryszard Gronalewski &#8211; gregoria\u0144ska<\/p>\n<\/td>\n<\/tr>\n<tr>\n<td width=\"85\">\n<p><strong>10:30<\/strong><\/p>\n<\/td>\n<td width=\"562\">\n<p>Pogrzeb: \u015bp. Teresa Kr\u00fcger, lat 88<\/p>\n<\/td>\n<\/tr>\n<tr>\n<td width=\"85\">\n<p><strong>18:30<\/strong><\/p>\n<\/td>\n<td width=\"562\">\n<p>+ Rodzice Antoni i Pelagia Damaszke oraz siostry Irena i Henryka<\/p>\n<\/td>\n<\/tr>\n<tr>\n<td colspan=\"2\" width=\"647\">\n<p><strong>15\/05\/2022<\/strong><\/p>\n<p><strong>V Niedziela Wielkanocna<\/strong><\/p>\n<\/td>\n<\/tr>\n<tr>\n<td width=\"85\">\n<p><strong>08:00<\/strong><\/p>\n<\/td>\n<td width=\"562\">\n<p>1.\u00a0\u00a0\u00a0\u00a0\u00a0 + Amalia, J\u00f3zef Kulaszewicz z rodziny Kulaszewicz, Gli\u0144skich, Somi\u0144skich<\/p>\n<p>2.\u00a0\u00a0\u00a0\u00a0\u00a0 + Hanna Kosza\u0142ka w 7 rocz. \u015bmierci i Rafa\u0142 Kosza\u0142ka <br \/>w 8 rocz. \u015bmierci<\/p>\n<\/td>\n<\/tr>\n<tr>\n<td width=\"85\">\n<p><strong>10:00<\/strong><\/p>\n<\/td>\n<td width=\"562\">\n<p>W intencji parafii<\/p>\n<\/td>\n<\/tr>\n<tr>\n<td width=\"85\">\n<p><strong>11:30<\/strong><\/p>\n<\/td>\n<td width=\"562\">\n<p>+ Jan w 5 rocz. \u015bmierci, Anna, Pawe\u0142 Czes\u0142aw, J\u00f3zefa, Pawe\u0142<\/p>\n<\/td>\n<\/tr>\n<tr>\n<td width=\"85\">\n<p><strong>13:00<\/strong><\/p>\n<\/td>\n<td width=\"562\">\n<p>1.\u00a0\u00a0\u00a0\u00a0\u00a0 + Zofia oraz zmarli z rodziny<\/p>\n<p>2.\u00a0\u00a0\u00a0\u00a0\u00a0 + Ryszard Gronalewski &#8211; gregoria\u0144ska<\/p>\n<\/td>\n<\/tr>\n<tr>\n<td width=\"85\">\n<p><strong>18:30<\/strong><\/p>\n<\/td>\n<td width=\"562\">\n<p>W intencji o uzdrowienie duszy i cia\u0142a<\/p>\n<\/td>\n<\/tr>\n<tr>\n<td width=\"85\">\n<p><strong>17:00DK<\/strong><\/p>\n<\/td>\n<td width=\"562\">\n<p>+ M\u0105\u017c Feliks oraz\u00a0 synowie Miros\u0142aw i Franciszek<\/p>\n<\/td>\n<\/tr>\n<\/tbody>\n<\/table>\n","protected":false},"excerpt":{"rendered":"<p>09\/05\/2022 Poniedzia\u0142ek 08:00 1.\u00a0\u00a0\u00a0\u00a0\u00a0 Dzi\u0119kczynno-b\u0142agalna w dniu urodzin Teresy z pro\u015bb\u0105 o \u0142ask\u0119 zdrowia 2.\u00a0\u00a0\u00a0\u00a0\u00a0 B\u0142agalna o dar zdrowia dla dzieci i wnuk\u00f3w 3.\u00a0\u00a0\u00a0\u00a0\u00a0 + Ryszard Gronalewski &#8211; gregoria\u0144ska 10:00 Pogrzeb: \u015bp. Krystyna D\u0119bska, lat 86 18:30 1.\u00a0\u00a0\u00a0\u00a0\u00a0 + Jolanta Saci\u0142owska oraz Albin i W\u0142adys\u0142awa 2.\u00a0\u00a0\u00a0\u00a0\u00a0 + Maria Dietzel w 2 rocz. \u015bmierci 3.\u00a0\u00a0\u00a0\u00a0\u00a0 + [&hellip;]<\/p>\n","protected":false},"author":6,"featured_media":0,"comment_status":"closed","ping_status":"closed","sticky":false,"template":"","format":"standard","meta":{"footnotes":""},"categories":[10],"tags":[],"publishpress_future_action":{"enabled":false,"date":"1970-01-01 01:00:00","action":"","terms":[],"taxonomy":"","browser_timezone_offset":0},"_links":{"self":[{"href":"https:\/\/swmikolaj.org\/index.php\/wp-json\/wp\/v2\/posts\/10825"}],"collection":[{"href":"https:\/\/swmikolaj.org\/index.php\/wp-json\/wp\/v2\/posts"}],"about":[{"href":"https:\/\/swmikolaj.org\/index.php\/wp-json\/wp\/v2\/types\/post"}],"author":[{"embeddable":true,"href":"https:\/\/swmikolaj.org\/index.php\/wp-json\/wp\/v2\/users\/6"}],"replies":[{"embeddable":true,"href":"https:\/\/swmikolaj.org\/index.php\/wp-json\/wp\/v2\/comments?post=10825"}],"version-history":[{"count":1,"href":"https:\/\/swmikolaj.org\/index.php\/wp-json\/wp\/v2\/posts\/10825\/revisions"}],"predecessor-version":[{"id":10826,"href":"https:\/\/swmikolaj.org\/index.php\/wp-json\/wp\/v2\/posts\/10825\/revisions\/10826"}],"wp:attachment":[{"href":"https:\/\/swmikolaj.org\/index.php\/wp-json\/wp\/v2\/media?parent=10825"}],"wp:term":[{"taxonomy":"category","embeddable":true,"href":"https:\/\/swmikolaj.org\/index.php\/wp-json\/wp\/v2\/categories?post=10825"},{"taxonomy":"post_tag","embeddable":true,"href":"https:\/\/swmikolaj.org\/index.php\/wp-json\/wp\/v2\/tags?post=10825"}],"curies":[{"name":"wp","href":"https:\/\/api.w.org\/{rel}","templated":true}]}}