{"id":1063,"date":"2016-12-17T13:15:48","date_gmt":"2016-12-17T13:15:48","guid":{"rendered":"http:\/\/nowa.swmikolaj.org\/?p=1063"},"modified":"2020-04-09T10:44:04","modified_gmt":"2020-04-09T10:44:04","slug":"ogloszeniaduszpasterskie18-12-2016r-ivniedzielaadwentu","status":"publish","type":"post","link":"https:\/\/swmikolaj.org\/index.php\/2016\/12\/17\/ogloszeniaduszpasterskie18-12-2016r-ivniedzielaadwentu\/","title":{"rendered":"Og\u0142oszenia Duszpasterskie, 18.12.2016 r. &#8211; IV Niedziela Adwentu"},"content":{"rendered":"<p style=\"text-align: justify;\">1. Msze \u015bw. roratnie sprawujemy od poniedzia\u0142ku do soboty o 6:45. Dzieci zapraszamy w tym tygodniu od poniedzia\u0142ku do pi\u0105tku, a po Eucharystii Parafialny Zesp\u00f3\u0142 Caritas przygotowuje dla dzieci kakao w domu parafialnym.<\/p>\n<p style=\"text-align: justify;\">2. Na sobotnie, ostatnie, roraty o 6:45 zapraszamy m\u0142odzie\u017c i doros\u0142ych. Kazanie po\u015bwi\u0119cone b\u0119dzie Listowi Papie\u017ca Franciszka na zako\u0144czenie Jubileuszu Mi\u0142osierdzia.<\/p>\n<p><!--more--><\/p>\n<p style=\"text-align: justify;\">3.\u00a0\u00a0Jutrznia, czyli poranna modlitwa Ko\u015bcio\u0142a, od poniedzia\u0142ku do pi\u0105tku o 5:30 w domu parafialnym. Zapraszamy wszystkich ch\u0119tnych. Modlitwa trwa ok. 40 min.<\/p>\n<p style=\"text-align: justify;\">4.\u00a0Adoracja Naj\u015bwi\u0119tszego Sakramentu w tym tygodniu od poniedzia\u0142ku do pi\u0105tku po Mszy \u015bwi\u0119tej o 8:00 do 18:30 w dolnym ko\u015bciele. Wyj\u0105tkowo we wtorek adoracja tylko do godz. 16:00.<\/p>\n<p style=\"text-align: justify;\"><!-- [if !supportLists]-->5. Spowied\u017a \u015bwi\u0119ta b\u0119dzie w: czwartek i pi\u0105tek od 6:30 do 8:30 i od 17:30 do 18:30, w Wigili\u0119 od 6:30 do 8:30. Szczeg\u00f3ln\u0105 okazj\u0105 do spowiedzi b\u0119dzie nabo\u017ce\u0144stwo pokutne ze spowiedzi\u0105 \u015bwi\u0119t\u0105 w \u015brod\u0119 o 19:30 w g\u00f3rnym ko\u015bciele. To nabo\u017ce\u0144stwo pozwoli nam g\u0142\u0119biej prze\u017cy\u0107 spowied\u017a.<\/p>\n<p style=\"text-align: justify;\">\u00a06. Przed nami \u015bwi\u0119ta Narodzenia Pa\u0144skiego:<\/p>\n<p style=\"text-align: justify;\"><!-- [if !supportLists]-->a.\u00a0W Wigili\u0119 poranne Msze \u015bwi\u0119te sprawowa\u0107 b\u0119dziemy o: 6:45 i 8:00.<\/p>\n<p style=\"text-align: justify;\"><!-- [if !supportLists]-->b.\u00a0Msza \u015bwi\u0119ta wigilijna z udzia\u0142em dzieci w sobot\u0119 o 16:00. Dzieci prosimy o przyniesienie wszelkich instrument\u00f3w muzycznych do kol\u0119dowania.<\/p>\n<p style=\"text-align: justify;\"><!-- [if !supportLists]-->c.\u00a0Nast\u0119pnie tradycyjna Pasterka o 22:00 i 24:00.<\/p>\n<p style=\"text-align: justify;\">\u00a07. Osoby, kt\u00f3re czuj\u0105 si\u0119 osamotnione zapraszamy na wieczerz\u0119 wigilijn\u0105, w sobot\u0119 na 18:00 do domu parafialnego. Zjemy wsp\u00f3lnie wieczerz\u0119 wigilijn\u0105, po\u0142amiemy si\u0119 op\u0142atkiem i po\u015bpiewamy kol\u0119dy.<\/p>\n<p style=\"text-align: justify;\">\u00a08. W pierwszy i drugi dzie\u0144 \u015bwi\u0105t Msze \u015bwi\u0119te wed\u0142ug porz\u0105dku niedzielnego. Nie b\u0119dzie jedynie Mszy w dolnym ko\u015bciele o 17:00. M\u0142odzie\u017c zapraszamy na Eucharysti\u0119 o 18:30 w g\u00f3rnym ko\u015bciele.<\/p>\n<p style=\"text-align: justify;\"><!-- [if !supportLists]-->9.\u00a0Msza \u015bwi\u0119ta w intencji ma\u0142\u017conk\u00f3w, kt\u00f3rzy w tym roku obchodzili swoje wielkie i ma\u0142e jubileusze ma\u0142\u017ce\u0144skie oraz w intencji tych, kt\u00f3rzy w minionych miesi\u0105cach zawarli ma\u0142\u017ce\u0144stwo b\u0119dzie sprawowana w poniedzia\u0142ek, 26 grudnia o 10:00. Wspomniane ma\u0142\u017ce\u0144stwa prosimy o przyniesienie kwiatka w procesji na Ofiarowanie.<\/p>\n<p style=\"text-align: justify;\"><!-- [if !supportLists]-->10. <!--[endif]-->Spotkanie przy \u017c\u0142obku dla dzieci w poniedzia\u0142ek, w drugie \u015bwi\u0119to o 17:00.<\/p>\n<p style=\"text-align: justify;\"><!-- [if !supportLists]-->11. <!--[endif]-->U pana organisty mo\u017cna naby\u0107 op\u0142atek.<\/p>\n<p style=\"text-align: justify;\"><!-- [if !supportLists]-->12. <!--[endif]-->Ks. proboszcz odwiedzi swoich chorych w \u015brod\u0119, 21 grudnia.<\/p>\n<p style=\"text-align: justify;\"><!-- [if !supportLists]-->13. <!--[endif]-->Spotkanie Stowarzyszenia Cudownego Medalika, czyli Apostolatu Maryjnego odb\u0119dzie si\u0119 w najbli\u017cszy wtorek, 20 grudnia o 9:30 w sali nr 8.<\/p>\n<p style=\"text-align: justify;\"><!-- [if !supportLists]-->14. <!--[endif]-->Spotkanie op\u0142atkowe dla ministrant\u00f3w w pi\u0105tek, 23 grudnia o godz. 17:00 w domu parafialnym.<\/p>\n<p style=\"text-align: justify;\"><!-- [if !supportLists]-->15. <!--[endif]-->Ju\u017c dzisiaj pragniemy poinformowa\u0107, i\u017c od 1 stycznia ulegnie zmianie grafik Mszy \u015bwi\u0119tych i b\u0119dzie si\u0119 on przedstawia\u0142 nast\u0119puj\u0105co:<\/p>\n<p style=\"text-align: justify;\"><!-- [if !supportLists]-->a.\u00a0W dni powszednie: 8:00 i 18:30.<\/p>\n<p style=\"text-align: justify;\"><!-- [if !supportLists]-->b.\u00a0W niedziele: 8:00, 10:00, 11:30 (dla rodzin, z udzia\u0142em dzieci), 13:00, 17:00 (z udzia\u0142em m\u0142odzie\u017cy) i 18:30.<\/p>\n<p style=\"text-align: justify;\"><!-- [if !supportLists]-->16. <!--[endif]-->W tegorocznej Kol\u0119dzie, opr\u00f3cz ks. Zbigniewa, ks. Jana i ks. Proboszcza Jacka, uczestniczy\u0142o b\u0119dzie jeszcze czterech innych ksi\u0119\u017cy: diakon Damian Martyka, ks. Kazimierz Juszko, o. Brunon (franciszkanin) i o. Bernard Grenz (cysters).<\/p>\n<p style=\"text-align: justify;\"><!-- [if !supportLists]-->17. <!--[endif]-->Przekazanie Betlejemskiego \u015awiat\u0142a Pokoju przez harcerzy odb\u0119dzie si\u0119 dzisiaj na nadbrze\u017cu w miejscu, gdzie cumuje \u201eZawisza Czarny\u201d o godz. 15:30. \u015awiat\u0142o zostanie te\u017c przekazane skandynawskim skautom.<\/p>\n<p style=\"text-align: justify;\"><!-- [if !supportLists]-->18. <!--[endif]-->Kwesta na wsparcie wyjazdu m\u0142odzie\u017cy z naszej parafii na \u015awiatowe Dni M\u0142odych w Panamie ob\u0119dzie si\u0119 26 grudnia po ka\u017cdej Mszy \u015bwi\u0119tej. Miesi\u0105c temu na ten cel zebrano 1300 z\u0142. Mo\u017cna tak\u017ce wspiera\u0107 t\u0119 inicjatyw\u0119 dokonuj\u0105c przelewu na konto parafii z dopiskiem \u201ePanama\u201d.<\/p>\n<p style=\"text-align: justify;\"><!-- [if !supportLists]-->19. <!--[endif]-->Zapraszamy do kupna nowego Miko\u0142aja i Go\u015bcia Niedzielnego.<\/p>\n<p style=\"text-align: justify;\"><!-- [if !supportLists]-->20. <!--[endif]-->List ksi\u0119dza proboszcza na tegoroczn\u0105 Kol\u0119d\u0119 mo\u017cna wzi\u0105\u0107 dzisiaj przy wyj\u015bciu z ko\u015bcio\u0142a oraz z zakrystii. Jest on te\u017c dost\u0119pny w biurze parafialnym i na parafialnej stronie internetowej. Kol\u0119da rozpocznie si\u0119 we wtorek, 27 grudnia. Cz\u0119\u015bciowy plan kol\u0119d znajduje si\u0119 w biuletynie, na stronie internetowej i w gablotach.<\/p>\n<p style=\"text-align: justify;\">\n<p align=\"center\">Spo\u015br\u00f3d parafian w minionych dniach zmarli:<\/p>\n<p align=\"center\">+ Rozalia Obuchowicz, lat 79;<\/p>\n<p align=\"center\">+ Jerzy Brzezi\u0144ski lat, 76<\/p>\n<p align=\"center\">+ J\u00f3zef Szabi\u0144ski, lat 82;<\/p>\n<p align=\"center\">+ Ludwik Klein, lat 76.<\/p>\n","protected":false},"excerpt":{"rendered":"<p>1. Msze \u015bw. roratnie sprawujemy od poniedzia\u0142ku do soboty o 6:45. Dzieci zapraszamy w tym tygodniu od poniedzia\u0142ku do pi\u0105tku, a po Eucharystii Parafialny Zesp\u00f3\u0142 Caritas przygotowuje dla dzieci kakao w domu parafialnym. 2. Na sobotnie, ostatnie, roraty o 6:45 zapraszamy m\u0142odzie\u017c i doros\u0142ych. Kazanie po\u015bwi\u0119cone b\u0119dzie Listowi Papie\u017ca Franciszka na zako\u0144czenie Jubileuszu Mi\u0142osierdzia.<\/p>\n","protected":false},"author":6,"featured_media":0,"comment_status":"closed","ping_status":"closed","sticky":false,"template":"","format":"standard","meta":{"footnotes":""},"categories":[8,12],"tags":[],"publishpress_future_action":{"enabled":false,"date":"1970-01-01 01:00:00","action":"","terms":[],"taxonomy":"","browser_timezone_offset":0},"_links":{"self":[{"href":"https:\/\/swmikolaj.org\/index.php\/wp-json\/wp\/v2\/posts\/1063"}],"collection":[{"href":"https:\/\/swmikolaj.org\/index.php\/wp-json\/wp\/v2\/posts"}],"about":[{"href":"https:\/\/swmikolaj.org\/index.php\/wp-json\/wp\/v2\/types\/post"}],"author":[{"embeddable":true,"href":"https:\/\/swmikolaj.org\/index.php\/wp-json\/wp\/v2\/users\/6"}],"replies":[{"embeddable":true,"href":"https:\/\/swmikolaj.org\/index.php\/wp-json\/wp\/v2\/comments?post=1063"}],"version-history":[{"count":1,"href":"https:\/\/swmikolaj.org\/index.php\/wp-json\/wp\/v2\/posts\/1063\/revisions"}],"predecessor-version":[{"id":2984,"href":"https:\/\/swmikolaj.org\/index.php\/wp-json\/wp\/v2\/posts\/1063\/revisions\/2984"}],"wp:attachment":[{"href":"https:\/\/swmikolaj.org\/index.php\/wp-json\/wp\/v2\/media?parent=1063"}],"wp:term":[{"taxonomy":"category","embeddable":true,"href":"https:\/\/swmikolaj.org\/index.php\/wp-json\/wp\/v2\/categories?post=1063"},{"taxonomy":"post_tag","embeddable":true,"href":"https:\/\/swmikolaj.org\/index.php\/wp-json\/wp\/v2\/tags?post=1063"}],"curies":[{"name":"wp","href":"https:\/\/api.w.org\/{rel}","templated":true}]}}