{"id":1062,"date":"2016-12-09T13:16:49","date_gmt":"2016-12-09T13:16:49","guid":{"rendered":"http:\/\/nowa.swmikolaj.org\/?p=1062"},"modified":"2020-04-09T10:44:04","modified_gmt":"2020-04-09T10:44:04","slug":"ogloszeniaduszpasterskie11-12-2016r-iiiniedzielaadwentu","status":"publish","type":"post","link":"https:\/\/swmikolaj.org\/index.php\/2016\/12\/09\/ogloszeniaduszpasterskie11-12-2016r-iiiniedzielaadwentu\/","title":{"rendered":"Og\u0142oszenia Duszpasterskie, 11.12.2016 r.  &#8211; III Niedziela Adwentu"},"content":{"rendered":"<p><span style=\"font-size: 12pt;\"><strong>1.<\/strong> Msze \u015bw. roratnie sprawujemy od poniedzia\u0142ku do soboty o 6:45. Dzieci zapraszamy w tym tygodniu od poniedzia\u0142ku do pi\u0105tku, a po Eucharystii Parafialny Zesp\u00f3\u0142 Caritas przygotowuje dla dzieci kakao w domu parafialnym.<\/span><\/p>\n<p><span style=\"font-size: 12pt;\"><!-- [if !supportLists]--><strong>2.<\/strong>\u00a0Na sobotnie roraty o 6:45 zapraszamy m\u0142odzie\u017c i doros\u0142ych. Kazanie po\u015bwi\u0119cone b\u0119dzie Listowi Papie\u017ca Franciszka na zako\u0144czenie Jubileuszu Mi\u0142osierdzia.<\/span><\/p>\n<p><!--more--><\/p>\n<p><strong><span style=\"font-size: 12pt; background-color: transparent;\">3.<\/span><\/strong><span style=\"font-size: 12pt; background-color: transparent;\">Jeszcze w tym tygodniu trwa konkurs na w\u0142asnor\u0119cznie wykonany lampion. Rozstrzygni\u0119cie konkursu w ostatni\u0105 niedziel\u0119 adwentu 18 grudnia na Mszy \u015bw. o 11:30.<\/span><\/p>\n<p><span style=\"font-size: 12pt;\"><!-- [if !supportLists]--><strong>4.<\/strong>\u00a0Nieszpory z nabo\u017ce\u0144stwem \u015bwiat\u0142a sprawujemy w ka\u017cd\u0105 sobot\u0119 Adwentu o 17:45.<\/span><\/p>\n<p><span style=\"font-size: 12pt;\"><!-- [if !supportLists]--><strong>5.<\/strong> Jutrznia, czyli poranna modlitwa Ko\u015bcio\u0142a, od poniedzia\u0142ku do pi\u0105tku o 5:30 w domu parafialnym. Zapraszamy wszystkich ch\u0119tnych. Modlitwa trwa ok. 40 min.<\/span><\/p>\n<p><span style=\"font-size: 12pt;\"><!-- [if !supportLists]--><strong>6.<\/strong>\u00a0Msza \u015bwi\u0119ta z modlitw\u0105 w intencji uzdrowienia b\u0119dzie sprawowana w przysz\u0142\u0105 niedziel\u0119, 18 grudnia o 18:30.<\/span><\/p>\n<p><span style=\"font-size: 12pt;\"><!-- [if !supportLists]--><strong>7.<\/strong> Kurs ewangelizacyjny Alpha zako\u0144czy si\u0119 w najbli\u017cszy poniedzia\u0142ek. Wzi\u0119\u0142o w nim udzia\u0142 oko\u0142o 50 os\u00f3b. Bardzo dzi\u0119kujemy ekipie z naszej parafii, kt\u00f3ra w\u0142o\u017cy\u0142a wiele wysi\u0142ku, by przeprowadzi\u0107 te dziesi\u0119ciotygodniowe rekolekcje.<\/span><\/p>\n<p><span style=\"font-size: 12pt;\"><!-- [if !supportLists]--><strong>8.<\/strong>\u00a0Zbi\u00f3rka ministrant\u00f3w i kandydat\u00f3w w poniedzia\u0142ek o godz. 15:00.<\/span><\/p>\n<p><span style=\"font-size: 12pt;\"><!-- [if !supportLists]--><strong>9.<\/strong>\u00a0Wsp\u00f3lnota SNE Magnificat zaprasza na modlitw\u0119 uwielbienia w najbli\u017cszy wtorek o godz. 19:15 do dolnego ko\u015bcio\u0142a.<\/span><\/p>\n<p><span style=\"font-size: 12pt;\"><!-- [if !supportLists]--><strong>10.<\/strong> <!--[endif]-->Spotkanie op\u0142atkowe XII R\u00f3\u017cy M\u0119skiej oraz Ko\u015bcielnej S\u0142u\u017cby M\u0119\u017cczyzn &#8222;Semper Fidelis&#8221; odb\u0119dzie si\u0119 w \u015brod\u0119, 14 grudnia po Mszy \u015bw. wieczornej w domu parafialnym. Zapraszamy gor\u0105co na spotkanie r\u00f3wnie\u017c wszystkich Pan\u00f3w pragn\u0105cych zapozna\u0107 si\u0119 z dzia\u0142alno\u015bci\u0105 naszych wsp\u00f3lnot lub chc\u0105cych sp\u0119dzi\u0107 mi\u0142o czas i po\u0142ama\u0107 si\u0119 op\u0142atkiem z cz\u0142onkami wymienionych grup.<\/span><\/p>\n<p><span style=\"font-size: 12pt;\"><!-- [if !supportLists]--><strong>11.<\/strong> <!--[endif]-->Spotkanie Zelator\u00f3w R\u00f3\u017c \u017bywego R\u00f3\u017ca\u0144ca w pi\u0105tek, 16 grudnia o godz. 16:30 w Klubie Muzycznym budynku starej plebani.<\/span><\/p>\n<p><span style=\"font-size: 12pt;\"><!-- [if !supportLists]--><strong>12. <\/strong><!--[endif]-->M\u0142odzie\u017c z Klubu Alternative serdecznie zaprasza na koncert podczas kt\u00f3rego zaprezentuj\u0105 swoje talenty muzyczne. W programie utwory hiphopowe, beatbox oraz gospel w wykonaniu m\u0142odzie\u017cy przy wsp\u00f3\u0142udziale muzyk\u00f3w z Tr\u00f3jmiasta. Koncert jest owocem ca\u0142orocznej pracy, serdecznie zapraszamy w sobot\u0119, 17 grudnia godz. 19:30 do g\u00f3rnego ko\u015bcio\u0142a.\u00a0<\/span><\/p>\n<p><span style=\"font-size: 12pt;\"><!-- [if !supportLists]--><strong>13. <\/strong><!--[endif]-->Spotkanie op\u0142atkowe Czcicieli Mi\u0142osierdzia Bo\u017cego w niedziel\u0119, 18 grudnia o godz. 16:00 w domu parafialnym.<\/span><\/p>\n<p><span style=\"font-size: 12pt;\"><!-- [if !supportLists]--><strong>14.<\/strong> <!--[endif]-->Dzieci z Przedszkola przy ul. Zamenhofa przygotowa\u0142y Jase\u0142ka Bo\u017conarodzeniowe, kt\u00f3re zostan\u0105 wystawione w dolnym ko\u015bciele, w przysz\u0142\u0105 niedziel\u0119, 18 grudnia po Mszy \u015bw. o 11:30.<\/span><\/p>\n<p><span style=\"font-size: 12pt;\"><!-- [if !supportLists]--><strong>15.<\/strong> <!--[endif]-->Siostry Misjonarki z naszej parafii zapraszaj\u0105 na weekend formacyjny do Swarzewa. Spotkanie potrwa od pi\u0105tku wieczorem do niedzieli popo\u0142udnia. Ma na celu przybli\u017cy\u0107 prawdy wiary widziane oczami misjonarzy. B\u0119dzie to czas poznania Boga, siebie i swojej misji. Chwila stani\u0119cia w Prawdzie tu\u017c przed Bo\u017cym Narodzeniem. Koszt wyjazdu z wy\u017cywieniem: 80 z\u0142 od osoby. Po tym weekendzie, b\u0119dzie mo\u017cliwo\u015b\u0107 do\u0142\u0105czenia si\u0119 do ju\u017c trwaj\u0105cego warsztatu misyjno-ewangelizacyjnego kt\u00f3ry Siostry prowadz\u0105 w Chyloni w ka\u017cd\u0105 niedziel\u0119 od 17:00-20:00. Serdecznie zapraszamy wszystkich, a szczeg\u00f3lnie tych, kt\u00f3rym na s\u0142owo &#8222;misja&#8221; serce zaczyna bi\u0107 szybciej. Zapisy i dalsze informacja u Si\u00f3str pod numerem telefonu: 505-097-094.<\/span><\/p>\n<p><span style=\"font-size: 12pt;\"><!-- [if !supportLists]--><strong>16.<\/strong> <!--[endif]-->Ju\u017c dzisiaj zapraszamy osoby samotne na wieczerz\u0119 wigilijn\u0105, 24 grudnia na 18:00 do domu parafialnego. <\/span><\/p>\n<p><span style=\"font-size: 12pt;\"><!-- [if !supportLists]--><strong>17.<\/strong> <!--[endif]-->Przed ko\u015bcio\u0142em mo\u017cna dzisiaj naby\u0107 ksi\u0105\u017cki religijne, \u015bwiece Caritas i nowy numer czasopisma Miko\u0142aj. <\/span><\/p>\n<p><span style=\"font-size: 12pt;\"><!-- [if !supportLists]--><strong>18.<\/strong> <!--[endif]-->Dary dla os\u00f3b potrzebuj\u0105cych mo\u017cna sk\u0142ada\u0107 do pojemnika wystawionego przy chrzcielnicy. Szczeg\u00f3lnie prosimy o niepsuj\u0105c\u0105 si\u0119 \u017cywno\u015b\u0107. <\/span><\/p>\n<p><span style=\"font-size: 12pt;\"><!-- [if !supportLists]--><strong>19.<\/strong> <!--[endif]-->Serdecznie dzi\u0119kujemy za ofiary z\u0142o\u017cone na dzisiejsz\u0105 tac\u0119 przeznaczon\u0105 na cele remontowo-inwestycyjne. <\/span><\/p>\n<p align=\"center\"><span style=\"font-size: 12pt;\">Spo\u015br\u00f3d parafian w minionych dniach zmarli:<\/span><\/p>\n<p style=\"text-align: center;\"><span style=\"font-size: 12pt;\">+ Adolf Z\u0142och, lat 82; <\/span><\/p>\n<p style=\"text-align: center;\"><span style=\"font-size: 12pt;\">+ Stefan Wysocki, lat 66.<\/span><\/p>\n","protected":false},"excerpt":{"rendered":"<p>1. Msze \u015bw. roratnie sprawujemy od poniedzia\u0142ku do soboty o 6:45. Dzieci zapraszamy w tym tygodniu od poniedzia\u0142ku do pi\u0105tku, a po Eucharystii Parafialny Zesp\u00f3\u0142 Caritas przygotowuje dla dzieci kakao w domu parafialnym. 2.\u00a0Na sobotnie roraty o 6:45 zapraszamy m\u0142odzie\u017c i doros\u0142ych. Kazanie po\u015bwi\u0119cone b\u0119dzie Listowi Papie\u017ca Franciszka na zako\u0144czenie Jubileuszu Mi\u0142osierdzia.<\/p>\n","protected":false},"author":6,"featured_media":0,"comment_status":"closed","ping_status":"closed","sticky":false,"template":"","format":"standard","meta":{"footnotes":""},"categories":[8,12],"tags":[],"publishpress_future_action":{"enabled":false,"date":"1970-01-01 01:00:00","action":"","terms":[],"taxonomy":"","browser_timezone_offset":0},"_links":{"self":[{"href":"https:\/\/swmikolaj.org\/index.php\/wp-json\/wp\/v2\/posts\/1062"}],"collection":[{"href":"https:\/\/swmikolaj.org\/index.php\/wp-json\/wp\/v2\/posts"}],"about":[{"href":"https:\/\/swmikolaj.org\/index.php\/wp-json\/wp\/v2\/types\/post"}],"author":[{"embeddable":true,"href":"https:\/\/swmikolaj.org\/index.php\/wp-json\/wp\/v2\/users\/6"}],"replies":[{"embeddable":true,"href":"https:\/\/swmikolaj.org\/index.php\/wp-json\/wp\/v2\/comments?post=1062"}],"version-history":[{"count":2,"href":"https:\/\/swmikolaj.org\/index.php\/wp-json\/wp\/v2\/posts\/1062\/revisions"}],"predecessor-version":[{"id":2988,"href":"https:\/\/swmikolaj.org\/index.php\/wp-json\/wp\/v2\/posts\/1062\/revisions\/2988"}],"wp:attachment":[{"href":"https:\/\/swmikolaj.org\/index.php\/wp-json\/wp\/v2\/media?parent=1062"}],"wp:term":[{"taxonomy":"category","embeddable":true,"href":"https:\/\/swmikolaj.org\/index.php\/wp-json\/wp\/v2\/categories?post=1062"},{"taxonomy":"post_tag","embeddable":true,"href":"https:\/\/swmikolaj.org\/index.php\/wp-json\/wp\/v2\/tags?post=1062"}],"curies":[{"name":"wp","href":"https:\/\/api.w.org\/{rel}","templated":true}]}}