{"id":1054,"date":"2016-11-04T16:18:41","date_gmt":"2016-11-04T16:18:41","guid":{"rendered":"http:\/\/nowa.swmikolaj.org\/?p=1054"},"modified":"2020-04-09T10:44:04","modified_gmt":"2020-04-09T10:44:04","slug":"ogloszeniaduszpasterskie06-11-2016r","status":"publish","type":"post","link":"https:\/\/swmikolaj.org\/index.php\/2016\/11\/04\/ogloszeniaduszpasterskie06-11-2016r\/","title":{"rendered":"Og\u0142oszenia Duszpasterskie, 06.11.2016 r."},"content":{"rendered":"<p style=\"text-align: justify;\"><span style=\"font-size: 12pt; background-color: transparent;\"><strong>1.<\/strong>\u00a0 <\/span><span style=\"font-size: 12pt;\">11 listopada, w pi\u0105tek przypada \u015bwi\u0119to narodowe. Zapraszamy do modlitwy w intencji Ojczyzny podczas Mszy \u015bw. o 7:00, 8:00 i 18:30, a tak\u017ce podczas ca\u0142odziennej adoracji Naj\u015bwi\u0119tszego Sakramentu. Episkopat Polski udzieli\u0142 wiernym na ten dzie\u0144 dyspensy od obowi\u0105zku zachowania wstrzemi\u0119\u017aliwo\u015bci od pokarm\u00f3w mi\u0119snych.<\/span><\/p>\n<p>\u00a0<span style=\"font-size: 12pt;\"><strong>2.\u00a0<\/strong>Przypominamy, \u017ce dzieci przygotowuj\u0105ce si\u0119 do przyj\u0119cia pierwszej Komunii \u015bw. uczestnicz\u0105 w katechezach sakramentalnych w 3 grupach i spotykaj\u0105 si\u0119 w salce nr 4, w domu parafialnym w nast\u0119puj\u0105ce dni: <\/span><\/p>\n<p><span style=\"font-size: 12pt;\"><!-- [if !supportLists]-->\u00b7\u00a0\u00a0\u00a0\u00a0\u00a0\u00a0\u00a0 <!--[endif]-->grupa I w \u015brod\u0119 o godz. 16:30; <\/span><\/p>\n<p><span style=\"font-size: 12pt;\"><!-- [if !supportLists]-->\u00b7\u00a0\u00a0\u00a0\u00a0\u00a0\u00a0\u00a0 <!--[endif]-->grupa II w \u015brod\u0119 o godz. 17:30; <\/span><\/p>\n<p><span style=\"font-size: 12pt;\"><!-- [if !supportLists]-->\u00b7\u00a0\u00a0\u00a0\u00a0\u00a0\u00a0\u00a0 <!--[endif]-->grupa III w czwartek o godz. 17:00.<\/span><\/p>\n<p><!--more--><\/p>\n<p><span style=\"font-size: 12pt;\"><!-- [if !supportLists]--><strong>3.<\/strong>\u00a0Pierwsze spotkanie Wsp\u00f3lnoty Trudnych Ma\u0142\u017ce\u0144stw \u201eSychar\u201d odb\u0119dzie si\u0119 w poniedzia\u0142ek, 7 listopada o 18:30 w ko\u015bciele.<\/span><\/p>\n<p><span style=\"font-size: 12pt;\"><!-- [if !supportLists]--><strong>4.<\/strong>\u00a0Wsp\u00f3lnota m\u0142odzie\u017cowa zaprasza na spotkanie w poniedzia\u0142ek po Mszy \u015bw. wieczornej.<\/span><\/p>\n<p style=\"text-align: justify;\"><span style=\"font-size: 12pt;\"><!-- [if !supportLists]--><strong>5.<\/strong>\u00a0Klub M\u0142odzie\u017cowy Alternative zaprasza m\u0142odzie\u017c gimnazjaln\u0105 i licealn\u0105 na Warsztaty Gospel. Pierwsze spotkanie w czwartek, 10 listopada o godz. 18:00 w sali nr 9 w domu parafialny. Wst\u0119p wolny.<\/span><\/p>\n<p style=\"text-align: justify;\">\n<p style=\"text-align: justify;\"><span style=\"font-size: 12pt;\"><!-- [if !supportLists]--><strong>6.<\/strong> Zbi\u00f3rka dla ministrant\u00f3w i kandydat\u00f3w w sobot\u0119, 12 listopada o godz. 10:00 w g\u00f3rnym ko\u015bciele.<\/span><\/p>\n<p style=\"text-align: justify;\">\n<p style=\"text-align: justify;\"><span style=\"font-size: 12pt;\"><!-- [if !supportLists]--><strong>7.<\/strong>\u00a0Organizujemy w naszej parafii jednodniowy wyjazd do Swo\u0142owa. W programie zwiedzanie skansenu \u201eKraina w kratk\u0119\u201d oraz udzia\u0142 w festynie. Wyjazd 11 listopada o godz. 9:30 spod ko\u015bcio\u0142a. Koszt: 35 z\u0142. Zapisy w biurze parafialnym.<\/span><\/p>\n<p style=\"text-align: justify;\">\n<p style=\"text-align: justify;\"><span style=\"font-size: 12pt;\"><!-- [if !supportLists]--><strong>8.<\/strong> Zapraszamy na kolejn\u0105 ca\u0142onocn\u0105 adoracj\u0119 z soboty na niedziel\u0119, z 12 na 13 listopada. Rozpocz\u0119cie w sobot\u0119 o 21:30. Serdecznie prosimy o wpisywanie si\u0119 na list\u0119 adoracyjn\u0105.<\/span><\/p>\n<p style=\"text-align: justify;\">\n<p style=\"text-align: justify;\"><span style=\"font-size: 12pt;\"><!-- [if !supportLists]--><strong>9.<\/strong>\u00a0Z rado\u015bci\u0105 informujemy, i\u017c owocem katechez neokatechumenalnych jest powstanie sz\u00f3stej wsp\u00f3lnoty, kt\u00f3ra aktualnie liczy 34 osoby. <\/span><\/p>\n<p style=\"text-align: justify;\">\n<p style=\"text-align: justify;\"><span style=\"font-size: 12pt;\"><!-- [if !supportLists]--><strong>10.<\/strong> <!--[endif]-->Pan Andrzej Ka\u0142dowski, nasz organista, rozpocznie roznoszenie op\u0142atk\u00f3w wigilijnych od poniedzia\u0142ku. <\/span><\/p>\n<p style=\"text-align: justify;\">\n<p style=\"text-align: justify;\"><span style=\"font-size: 12pt;\"><!-- [if !supportLists]--><strong>11.<\/strong> <!--[endif]-->Dzisiaj, po ka\u017cdej Mszy \u015bw., odb\u0119dzie si\u0119 kwesta na dzia\u0142alno\u015b\u0107 Parafialnego Zespo\u0142u Caritas i sfinansowanie posi\u0142k\u00f3w dla wychowank\u00f3w Stowarzyszenia. \u015aw. Miko\u0142aja.<\/span><\/p>\n<p style=\"text-align: justify;\">\n<p align=\"center\"><span style=\"font-size: 12pt;\">W minionych dniach zmarli:<\/span><\/p>\n<p align=\"center\"><span style=\"font-size: 12pt;\">+ Maria Baszanowska, lat 84; + Helena Piasecka, lat 94; <\/span><\/p>\n<p style=\"text-align: center;\">\u00a0<span style=\"font-size: 12pt;\">+ Czes\u0142aw Pioch, lat 74; + Czarnecki Czes\u0142aw, lat 84; + Zbigniew Dubelewski, lat 64.<\/span><\/p>\n","protected":false},"excerpt":{"rendered":"<p>1.\u00a0 11 listopada, w pi\u0105tek przypada \u015bwi\u0119to narodowe. Zapraszamy do modlitwy w intencji Ojczyzny podczas Mszy \u015bw. o 7:00, 8:00 i 18:30, a tak\u017ce podczas ca\u0142odziennej adoracji Naj\u015bwi\u0119tszego Sakramentu. Episkopat Polski udzieli\u0142 wiernym na ten dzie\u0144 dyspensy od obowi\u0105zku zachowania wstrzemi\u0119\u017aliwo\u015bci od pokarm\u00f3w mi\u0119snych. \u00a02.\u00a0Przypominamy, \u017ce dzieci przygotowuj\u0105ce si\u0119 do przyj\u0119cia pierwszej Komunii \u015bw. uczestnicz\u0105 [&hellip;]<\/p>\n","protected":false},"author":6,"featured_media":0,"comment_status":"closed","ping_status":"closed","sticky":false,"template":"","format":"standard","meta":{"footnotes":""},"categories":[8,12],"tags":[],"publishpress_future_action":{"enabled":false,"date":"1970-01-01 01:00:00","action":"","terms":[],"taxonomy":"","browser_timezone_offset":0},"_links":{"self":[{"href":"https:\/\/swmikolaj.org\/index.php\/wp-json\/wp\/v2\/posts\/1054"}],"collection":[{"href":"https:\/\/swmikolaj.org\/index.php\/wp-json\/wp\/v2\/posts"}],"about":[{"href":"https:\/\/swmikolaj.org\/index.php\/wp-json\/wp\/v2\/types\/post"}],"author":[{"embeddable":true,"href":"https:\/\/swmikolaj.org\/index.php\/wp-json\/wp\/v2\/users\/6"}],"replies":[{"embeddable":true,"href":"https:\/\/swmikolaj.org\/index.php\/wp-json\/wp\/v2\/comments?post=1054"}],"version-history":[{"count":1,"href":"https:\/\/swmikolaj.org\/index.php\/wp-json\/wp\/v2\/posts\/1054\/revisions"}],"predecessor-version":[{"id":3007,"href":"https:\/\/swmikolaj.org\/index.php\/wp-json\/wp\/v2\/posts\/1054\/revisions\/3007"}],"wp:attachment":[{"href":"https:\/\/swmikolaj.org\/index.php\/wp-json\/wp\/v2\/media?parent=1054"}],"wp:term":[{"taxonomy":"category","embeddable":true,"href":"https:\/\/swmikolaj.org\/index.php\/wp-json\/wp\/v2\/categories?post=1054"},{"taxonomy":"post_tag","embeddable":true,"href":"https:\/\/swmikolaj.org\/index.php\/wp-json\/wp\/v2\/tags?post=1054"}],"curies":[{"name":"wp","href":"https:\/\/api.w.org\/{rel}","templated":true}]}}